{"id":164915,"date":"2011-08-10T10:19:00","date_gmt":"2011-08-10T13:19:00","guid":{"rendered":"http:\/\/progepe.ufpr.br\/portarias\/progepe-2011-10403\/"},"modified":"2023-08-03T11:30:50","modified_gmt":"2023-08-03T14:30:50","slug":"progepe-2011-10403","status":"publish","type":"post","link":"https:\/\/progepe.ufpr.br\/portarias\/progepe-2011-10403\/","title":{"rendered":"PORTARIA N\u00ba 10403\/PROGEPE, DE 10 DE AGOSTO DE 2011"},"content":{"rendered":"\n<p>A Pr\u00f3-Reitora de Gest\u00e3o de Pessoas da Universidade Federal do Paran\u00e1, em exerc\u00edcio, no uso de suas atribui\u00e7\u00f5es, tendo em vista a compet\u00eancia que lhe \u00e9 conferida pela Portaria n\u00ba 2.590, de 26 de setembro de 1997 e considerando o que consta no processo n\u00ba 064985\/2011-94,<\/p>\n\n\n<p><strong>RESOLVE:<\/strong><\/p>\n\n\n<p>Alterar a Portaria n\u00ba 2045\/PRHAE, de 10 de mar\u00e7o de 2003, publicada em DOU de 11.03.2003, se\u00e7\u00e3o II, p\u00e1gina 10\/11, que concedeu aposentadoria volunt\u00e1ria com proventos proporcionais \u00e0 raz\u00e3o de 25\/30 (vinte e cinco, trinta avos), nos termos do artigo 40, inciso III, al\u00ednea b da Constitui\u00e7\u00e3o Federal de 1988, alterada pela Emenda Constitucional n\u00ba 20\/98, \u00e0 servidora ELOI BITTENCOURT EROSA \u2013 073920, para declarar que, em decorr\u00eancia do acr\u00e9scimo de tempo resultante da aplica\u00e7\u00e3o do fator de convers\u00e3o previdenci\u00e1rio disciplinado pelo Ac\u00f3rd\u00e3o n\u00ba 2008, de 06.11.2006 \u2013 TCU \u2013 Plen\u00e1rio e dispositivos normatizadores ON n\u00ba 03, de 18.05.2007 e ON n\u00ba 07, de 20.11.2007, ambas da SRH\/MPOG, a partir de 06.11.2006, passa a ser com proventos proporcionais \u00e0 raz\u00e3o de 27\/30 (vinte e sete, trinta avos).<\/p><p><\/p>\n\n\n<div style=\"height:15px\" aria-hidden=\"true\" class=\"wp-block-spacer\"><\/div>\n\n\n<div class=\"wp-block-buttons is-content-justification-right is-layout-flex wp-container-core-buttons-is-layout-1 wp-block-buttons-is-layout-flex\">\n<div class=\"wp-block-button has-custom-font-size is-style-outline has-small-font-size is-style-outline--1\"><a class=\"wp-block-button__link\" href=\"https:\/\/progepe.ufpr.br\/portarias\/wp-content\/uploads\/pcp\/PROGEPE\/2011\/10403PR.pdf\" style=\"border-radius:0px\" target=\"_blank\" rel=\"noreferrer noopener\">Acesse o arquivo da portaria<\/a><\/div><\/div>\n","protected":false},"excerpt":{"rendered":"<p>Alterar a Portaria n\u00ba 2045\/PRHAE, de 10 de mar\u00e7o de 2003, publicada em DOU de 11.03.2003, se\u00e7\u00e3o II, p\u00e1gina 10\/11, que concedeu aposentadoria volunt\u00e1ria com proventos proporcionais \u00e0 raz\u00e3o de 25\/30 (vinte e cinco, trinta avos), nos termos do artigo 40, inciso III, al\u00ednea b da Constitui\u00e7\u00e3o Federal de 1988, alterada pela Emenda Constitucional n\u00ba 20\/98, \u00e0 servidora ELOI BITTENCOURT EROSA \u2013 073920, para declarar que, em decorr\u00eancia do acr\u00e9scimo de tempo resultante da aplica\u00e7\u00e3o do fator de convers\u00e3o previdenci\u00e1rio disciplinado pelo Ac\u00f3rd\u00e3o n\u00ba 2008, de 06.11.2006 \u2013 TCU \u2013 Plen\u00e1rio e dispositivos normatizadores ON n\u00ba 03, de<\/p>\n","protected":false},"author":41,"featured_media":0,"comment_status":"closed","ping_status":"closed","sticky":false,"template":"wp-custom-template-emissao-entre-01-05-2004-ate-30-06-2017","format":"standard","meta":{"_acf_changed":false,"iawp_total_views":0,"footnotes":""},"categories":[116],"tags":[125],"class_list":["post-164915","post","type-post","status-publish","format-standard","hentry","category-progepe","tag-aposentadoria"],"acf":[],"_links":{"self":[{"href":"https:\/\/progepe.ufpr.br\/portarias\/wp-json\/wp\/v2\/posts\/164915","targetHints":{"allow":["GET"]}}],"collection":[{"href":"https:\/\/progepe.ufpr.br\/portarias\/wp-json\/wp\/v2\/posts"}],"about":[{"href":"https:\/\/progepe.ufpr.br\/portarias\/wp-json\/wp\/v2\/types\/post"}],"author":[{"embeddable":true,"href":"https:\/\/progepe.ufpr.br\/portarias\/wp-json\/wp\/v2\/users\/41"}],"replies":[{"embeddable":true,"href":"https:\/\/progepe.ufpr.br\/portarias\/wp-json\/wp\/v2\/comments?post=164915"}],"version-history":[{"count":1,"href":"https:\/\/progepe.ufpr.br\/portarias\/wp-json\/wp\/v2\/posts\/164915\/revisions"}],"predecessor-version":[{"id":204261,"href":"https:\/\/progepe.ufpr.br\/portarias\/wp-json\/wp\/v2\/posts\/164915\/revisions\/204261"}],"wp:attachment":[{"href":"https:\/\/progepe.ufpr.br\/portarias\/wp-json\/wp\/v2\/media?parent=164915"}],"wp:term":[{"taxonomy":"category","embeddable":true,"href":"https:\/\/progepe.ufpr.br\/portarias\/wp-json\/wp\/v2\/categories?post=164915"},{"taxonomy":"post_tag","embeddable":true,"href":"https:\/\/progepe.ufpr.br\/portarias\/wp-json\/wp\/v2\/tags?post=164915"}],"curies":[{"name":"wp","href":"https:\/\/api.w.org\/{rel}","templated":true}]}}