{"id":164940,"date":"2011-08-22T10:02:00","date_gmt":"2011-08-22T13:02:00","guid":{"rendered":"http:\/\/progepe.ufpr.br\/portarias\/progepe-2011-10613\/"},"modified":"2023-08-03T11:31:10","modified_gmt":"2023-08-03T14:31:10","slug":"progepe-2011-10613","status":"publish","type":"post","link":"https:\/\/progepe.ufpr.br\/portarias\/progepe-2011-10613\/","title":{"rendered":"PORTARIA N\u00ba 10613\/PROGEPE, DE 22 DE AGOSTO DE 2011"},"content":{"rendered":"\n<p>A Pr\u00f3-Reitora de Gest\u00e3o de Pessoas da Universidade Federal do Paran\u00e1, no uso de suas atribui\u00e7\u00f5es, tendo em vista a compet\u00eancia que lhe \u00e9 conferida pela Portaria n\u00ba 2.590, de 26 de setembro de 1997, nos termos do Art. 40, \u00a7 7\u00ba da E. C. n\u00ba 41\/2003 e Lei n\u00ba 10.887\/2004 e considerando o contido no processo n\u00ba 091191\/2011-01,<\/p>\n\n\n<p><strong>RESOLVE:<\/strong><\/p>\n\n\n<p>Conceder Aposentadoria Volunt\u00e1ria por Tempo de Contribui\u00e7\u00e3o, nos termos do art. 3\u00ba da Emenda Constitucional 47, de 05.07.2005, ao Docente UBAJARA INDIO DO BRASIL VON LINSINGEN &#8211; 67580, lotado no Departamento de Qu\u00edmica  do Setor de Ci\u00eancias Exatas, ocupante do cargo de Professor de Magist\u00e9rio Superior, Classe Adjunto, N\u00edvel I, com Mestrado, no regime de trabalho de 40 (quarenta) horas semanais, com o vencimento no mencionado cargo, mais a Gratifica\u00e7\u00e3o Adicional por Tempo de Servi\u00e7o, prevista no art. 67 da Lei 8.112\/90, no \u00edndice de 20 (vinte por cento), mais o percentual de 3,17 decorrente de  Senten\u00e7a Judicial proferida em A\u00e7\u00e3o Ordin\u00e1ria n\u00ba 99.000.5007-0 da 2\u00aa Vara Federal \u2013 PR, mais a Retribui\u00e7\u00e3o por Titula\u00e7\u00e3o e a Gratifica\u00e7\u00e3o Espec\u00edfica do Magist\u00e9rio Superior, institu\u00eddas pela Lei n\u00ba 11.784\/08.<\/p><p><\/p>\n\n\n<div style=\"height:15px\" aria-hidden=\"true\" class=\"wp-block-spacer\"><\/div>\n\n\n<div class=\"wp-block-buttons is-content-justification-right is-layout-flex wp-container-core-buttons-is-layout-1 wp-block-buttons-is-layout-flex\">\n<div class=\"wp-block-button has-custom-font-size is-style-outline has-small-font-size is-style-outline--1\"><a class=\"wp-block-button__link\" href=\"https:\/\/progepe.ufpr.br\/portarias\/wp-content\/uploads\/pcp\/PROGEPE\/2011\/10613PR.pdf\" style=\"border-radius:0px\" target=\"_blank\" rel=\"noreferrer noopener\">Acesse o arquivo da portaria<\/a><\/div><\/div>\n","protected":false},"excerpt":{"rendered":"<p>Conceder Aposentadoria Volunt\u00e1ria por Tempo de Contribui\u00e7\u00e3o, nos termos do art. 3\u00ba da Emenda Constitucional 47, de 05.07.2005, ao Docente UBAJARA INDIO DO BRASIL VON LINSINGEN &#8211; 67580, lotado no Departamento de Qu\u00edmica do Setor de Ci\u00eancias Exatas, ocupante do cargo de Professor de Magist\u00e9rio Superior, Classe Adjunto, N\u00edvel I, com Mestrado, no regime de trabalho de 40 (quarenta) horas semanais, com o vencimento no mencionado cargo, mais a Gratifica\u00e7\u00e3o Adicional por Tempo de Servi\u00e7o, prevista no art. 67 da Lei 8.112\/90, no \u00edndice de 20 (vinte por cento), mais o percentual de 3,17 decorrente de Senten\u00e7a Judicial<\/p>\n","protected":false},"author":41,"featured_media":0,"comment_status":"closed","ping_status":"closed","sticky":false,"template":"wp-custom-template-emissao-entre-01-05-2004-ate-30-06-2017","format":"standard","meta":{"_acf_changed":false,"iawp_total_views":0,"footnotes":""},"categories":[116],"tags":[125],"class_list":["post-164940","post","type-post","status-publish","format-standard","hentry","category-progepe","tag-aposentadoria"],"acf":[],"_links":{"self":[{"href":"https:\/\/progepe.ufpr.br\/portarias\/wp-json\/wp\/v2\/posts\/164940","targetHints":{"allow":["GET"]}}],"collection":[{"href":"https:\/\/progepe.ufpr.br\/portarias\/wp-json\/wp\/v2\/posts"}],"about":[{"href":"https:\/\/progepe.ufpr.br\/portarias\/wp-json\/wp\/v2\/types\/post"}],"author":[{"embeddable":true,"href":"https:\/\/progepe.ufpr.br\/portarias\/wp-json\/wp\/v2\/users\/41"}],"replies":[{"embeddable":true,"href":"https:\/\/progepe.ufpr.br\/portarias\/wp-json\/wp\/v2\/comments?post=164940"}],"version-history":[{"count":1,"href":"https:\/\/progepe.ufpr.br\/portarias\/wp-json\/wp\/v2\/posts\/164940\/revisions"}],"predecessor-version":[{"id":204286,"href":"https:\/\/progepe.ufpr.br\/portarias\/wp-json\/wp\/v2\/posts\/164940\/revisions\/204286"}],"wp:attachment":[{"href":"https:\/\/progepe.ufpr.br\/portarias\/wp-json\/wp\/v2\/media?parent=164940"}],"wp:term":[{"taxonomy":"category","embeddable":true,"href":"https:\/\/progepe.ufpr.br\/portarias\/wp-json\/wp\/v2\/categories?post=164940"},{"taxonomy":"post_tag","embeddable":true,"href":"https:\/\/progepe.ufpr.br\/portarias\/wp-json\/wp\/v2\/tags?post=164940"}],"curies":[{"name":"wp","href":"https:\/\/api.w.org\/{rel}","templated":true}]}}