{"id":165032,"date":"2011-12-29T10:04:00","date_gmt":"2011-12-29T12:04:00","guid":{"rendered":"http:\/\/progepe.ufpr.br\/portarias\/progepe-2011-12424\/"},"modified":"2023-08-03T11:33:59","modified_gmt":"2023-08-03T14:33:59","slug":"progepe-2011-12424","status":"publish","type":"post","link":"https:\/\/progepe.ufpr.br\/portarias\/progepe-2011-12424\/","title":{"rendered":"PORTARIA N\u00ba 12424\/PROGEPE, DE 29 DE DEZEMBRO DE 2011"},"content":{"rendered":"\n<p>A Pr\u00f3-Reitora de Gest\u00e3o de Pessoas da Universidade Federal do Paran\u00e1, em exerc\u00edcio, no uso de suas atribui\u00e7\u00f5es, tendo em vista a compet\u00eancia que lhe \u00e9 conferida pela Portaria n\u00ba 2.590, de 26 de setembro de 1997 e considerando o que consta no processo n\u00ba 110313\/2011-68,<\/p>\n\n\n<p><strong>RESOLVE:<\/strong><\/p>\n\n\n<p>Alterar a Portaria n\u00ba 9.389\/PRHAE, de 08 de novembro de 1996, publicada no Di\u00e1rio Oficial da Uni\u00e3o de 14.11.96, Se\u00e7\u00e3o II, p\u00e1g. 8306\/07, que concedeu a aposentadoria proporcional \u00e0 Servidora SUMIKO NAKAGAWA \u2013 48305, fundamentada nos termos do Art. 40, inciso III, al\u00ednea c da Constitui\u00e7\u00e3o Federal\/88, c\/c Art. 186, inciso III, al\u00ednea c, da Lei n\u00ba 8.112\/90, para declarar que a partir de 01.12.11 a vantagem do art. 190 da Lei n\u00ba 8.112\/90 com a nova reda\u00e7\u00e3o dada pela Medida Provis\u00f3ria n\u00ba 441 de 29.08.08 convertida na Lei 11.097 de 02.02.09 com vistas \u00e0 integraliza\u00e7\u00e3o dos proventos correspondentes ao cargo de T\u00e9cnico de Laborat\u00f3rio \u2013 \u00c1rea, n\u00edvel D-I, padr\u00e3o de vencimento 14, no regime de 40 (quarenta) horas semanais, em virtude do Laudo M\u00e9dico Pericial n\u00ba 0.089.719\/2011 datado de 01.12.11.<\/p><p><\/p>\n\n\n<div style=\"height:15px\" aria-hidden=\"true\" class=\"wp-block-spacer\"><\/div>\n\n\n<div class=\"wp-block-buttons is-content-justification-right is-layout-flex wp-container-core-buttons-is-layout-1 wp-block-buttons-is-layout-flex\">\n<div class=\"wp-block-button has-custom-font-size is-style-outline has-small-font-size is-style-outline--1\"><a class=\"wp-block-button__link\" href=\"https:\/\/progepe.ufpr.br\/portarias\/wp-content\/uploads\/pcp\/PROGEPE\/2011\/12424PR.pdf\" style=\"border-radius:0px\" target=\"_blank\" rel=\"noreferrer noopener\">Acesse o arquivo da portaria<\/a><\/div><\/div>\n","protected":false},"excerpt":{"rendered":"<p>Alterar a Portaria n\u00ba 9.389\/PRHAE, de 08 de novembro de 1996, publicada no Di\u00e1rio Oficial da Uni\u00e3o de 14.11.96, Se\u00e7\u00e3o II, p\u00e1g. 8306\/07, que concedeu a aposentadoria proporcional \u00e0 Servidora SUMIKO NAKAGAWA \u2013 48305, fundamentada nos termos do Art. 40, inciso III, al\u00ednea c da Constitui\u00e7\u00e3o Federal\/88, c\/c Art. 186, inciso III, al\u00ednea c, da Lei n\u00ba 8.112\/90, para declarar que a partir de 01.12.11 a vantagem do art. 190 da Lei n\u00ba 8.112\/90 com a nova reda\u00e7\u00e3o dada pela Medida Provis\u00f3ria n\u00ba 441 de 29.08.08 convertida na Lei 11.097 de 02.02.09 com vistas \u00e0 integraliza\u00e7\u00e3o dos proventos<\/p>\n","protected":false},"author":41,"featured_media":0,"comment_status":"closed","ping_status":"closed","sticky":false,"template":"wp-custom-template-emissao-entre-01-05-2004-ate-30-06-2017","format":"standard","meta":{"_acf_changed":false,"iawp_total_views":0,"footnotes":""},"categories":[116],"tags":[125],"class_list":["post-165032","post","type-post","status-publish","format-standard","hentry","category-progepe","tag-aposentadoria"],"acf":[],"_links":{"self":[{"href":"https:\/\/progepe.ufpr.br\/portarias\/wp-json\/wp\/v2\/posts\/165032","targetHints":{"allow":["GET"]}}],"collection":[{"href":"https:\/\/progepe.ufpr.br\/portarias\/wp-json\/wp\/v2\/posts"}],"about":[{"href":"https:\/\/progepe.ufpr.br\/portarias\/wp-json\/wp\/v2\/types\/post"}],"author":[{"embeddable":true,"href":"https:\/\/progepe.ufpr.br\/portarias\/wp-json\/wp\/v2\/users\/41"}],"replies":[{"embeddable":true,"href":"https:\/\/progepe.ufpr.br\/portarias\/wp-json\/wp\/v2\/comments?post=165032"}],"version-history":[{"count":1,"href":"https:\/\/progepe.ufpr.br\/portarias\/wp-json\/wp\/v2\/posts\/165032\/revisions"}],"predecessor-version":[{"id":204378,"href":"https:\/\/progepe.ufpr.br\/portarias\/wp-json\/wp\/v2\/posts\/165032\/revisions\/204378"}],"wp:attachment":[{"href":"https:\/\/progepe.ufpr.br\/portarias\/wp-json\/wp\/v2\/media?parent=165032"}],"wp:term":[{"taxonomy":"category","embeddable":true,"href":"https:\/\/progepe.ufpr.br\/portarias\/wp-json\/wp\/v2\/categories?post=165032"},{"taxonomy":"post_tag","embeddable":true,"href":"https:\/\/progepe.ufpr.br\/portarias\/wp-json\/wp\/v2\/tags?post=165032"}],"curies":[{"name":"wp","href":"https:\/\/api.w.org\/{rel}","templated":true}]}}