{"id":165036,"date":"2011-01-14T10:03:00","date_gmt":"2011-01-14T12:03:00","guid":{"rendered":"http:\/\/progepe.ufpr.br\/portarias\/progepe-2011-07895\/"},"modified":"2023-08-03T11:27:02","modified_gmt":"2023-08-03T14:27:02","slug":"progepe-2011-07895","status":"publish","type":"post","link":"https:\/\/progepe.ufpr.br\/portarias\/progepe-2011-07895\/","title":{"rendered":"PORTARIA N\u00ba 07895\/PROGEPE, DE 14 DE JANEIRO DE 2011"},"content":{"rendered":"\n<p>A Pr\u00f3-Reitora de Gest\u00e3o de Pessoas da Universidade Federal do Paran\u00e1, em exerc\u00edcio, no uso de suas atribui\u00e7\u00f5es, tendo em vista a compet\u00eancia que lhe \u00e9 conferida pela Portaria n\u00ba 2.590, de 26 de setembro de 1997 e considerando o que consta no processo n\u00ba 032875\/2010-82,<\/p>\n\n\n<p><strong>RESOLVE:<\/strong><\/p>\n\n\n<p>Alterar a Portaria n\u00ba 4.091\/PRHAE, de 26.02.1992, publicada em DOU de 04.03.1992, Se\u00e7\u00e3o II, p\u00e1g. 1331\/32, que concedeu aposentadoria volunt\u00e1ria com proventos proporcionais \u00e0 raz\u00e3o de 30\/35 (trinta, trinta e cinco avos), nos termos do Art. 40, inciso III, al\u00ednea c da Constitui\u00e7\u00e3o Federal\/88, c\/c Art. 186, item III, al\u00ednea c da Lei n\u00ba 8.112\/90 ao servidor ALTAIR DA CONCEICAO \u2013 059560, para declarar que, em decorr\u00eancia do acr\u00e9scimo de tempo resultante da aplica\u00e7\u00e3o do fator de convers\u00e3o previdenci\u00e1rio disciplinado pelo Ac\u00f3rd\u00e3o n\u00ba 2008 de 06.11.2006 TCU \u2013 Plen\u00e1rio e dispositivos normatizadores ON n\u00ba 03 de 18.05.2007 e ON n\u00ba 07 de 20.11.2007 ambas da SRH\/MPOG, a partir de 06.11.2006, passa a ser com proventos proporcionais \u00e0 raz\u00e3o de 34\/35 (trinta e quatro, trinta e cinco avos), bem como que o adicional por tempo de servi\u00e7o, previsto no art. 67 da Lei 8.112\/90, \u00e9 no \u00edndice de 16 (dezesseis por cento) e n\u00e3o como constou o referido ato.<\/p><p><\/p>\n\n\n<div style=\"height:15px\" aria-hidden=\"true\" class=\"wp-block-spacer\"><\/div>\n\n\n<div class=\"wp-block-buttons is-content-justification-right is-layout-flex wp-container-core-buttons-is-layout-1 wp-block-buttons-is-layout-flex\">\n<div class=\"wp-block-button has-custom-font-size is-style-outline has-small-font-size is-style-outline--1\"><a class=\"wp-block-button__link\" href=\"https:\/\/progepe.ufpr.br\/portarias\/wp-content\/uploads\/pcp\/PROGEPE\/2011\/7895PR.pdf\" style=\"border-radius:0px\" target=\"_blank\" rel=\"noreferrer noopener\">Acesse o arquivo da portaria<\/a><\/div><\/div>\n","protected":false},"excerpt":{"rendered":"<p>Alterar a Portaria n\u00ba 4.091\/PRHAE, de 26.02.1992, publicada em DOU de 04.03.1992, Se\u00e7\u00e3o II, p\u00e1g. 1331\/32, que concedeu aposentadoria volunt\u00e1ria com proventos proporcionais \u00e0 raz\u00e3o de 30\/35 (trinta, trinta e cinco avos), nos termos do Art. 40, inciso III, al\u00ednea c da Constitui\u00e7\u00e3o Federal\/88, c\/c Art. 186, item III, al\u00ednea c da Lei n\u00ba 8.112\/90 ao servidor ALTAIR DA CONCEICAO \u2013 059560, para declarar que, em decorr\u00eancia do acr\u00e9scimo de tempo resultante da aplica\u00e7\u00e3o do fator de convers\u00e3o previdenci\u00e1rio disciplinado pelo Ac\u00f3rd\u00e3o n\u00ba 2008 de 06.11.2006 TCU \u2013 Plen\u00e1rio e dispositivos normatizadores ON n\u00ba 03 de 18.05.2007 e<\/p>\n","protected":false},"author":41,"featured_media":0,"comment_status":"closed","ping_status":"closed","sticky":false,"template":"wp-custom-template-emissao-entre-01-05-2004-ate-30-06-2017","format":"standard","meta":{"_acf_changed":false,"iawp_total_views":0,"footnotes":""},"categories":[116],"tags":[125],"class_list":["post-165036","post","type-post","status-publish","format-standard","hentry","category-progepe","tag-aposentadoria"],"acf":[],"_links":{"self":[{"href":"https:\/\/progepe.ufpr.br\/portarias\/wp-json\/wp\/v2\/posts\/165036","targetHints":{"allow":["GET"]}}],"collection":[{"href":"https:\/\/progepe.ufpr.br\/portarias\/wp-json\/wp\/v2\/posts"}],"about":[{"href":"https:\/\/progepe.ufpr.br\/portarias\/wp-json\/wp\/v2\/types\/post"}],"author":[{"embeddable":true,"href":"https:\/\/progepe.ufpr.br\/portarias\/wp-json\/wp\/v2\/users\/41"}],"replies":[{"embeddable":true,"href":"https:\/\/progepe.ufpr.br\/portarias\/wp-json\/wp\/v2\/comments?post=165036"}],"version-history":[{"count":1,"href":"https:\/\/progepe.ufpr.br\/portarias\/wp-json\/wp\/v2\/posts\/165036\/revisions"}],"predecessor-version":[{"id":204382,"href":"https:\/\/progepe.ufpr.br\/portarias\/wp-json\/wp\/v2\/posts\/165036\/revisions\/204382"}],"wp:attachment":[{"href":"https:\/\/progepe.ufpr.br\/portarias\/wp-json\/wp\/v2\/media?parent=165036"}],"wp:term":[{"taxonomy":"category","embeddable":true,"href":"https:\/\/progepe.ufpr.br\/portarias\/wp-json\/wp\/v2\/categories?post=165036"},{"taxonomy":"post_tag","embeddable":true,"href":"https:\/\/progepe.ufpr.br\/portarias\/wp-json\/wp\/v2\/tags?post=165036"}],"curies":[{"name":"wp","href":"https:\/\/api.w.org\/{rel}","templated":true}]}}