{"id":165103,"date":"2011-03-21T10:00:00","date_gmt":"2011-03-21T13:00:00","guid":{"rendered":"http:\/\/progepe.ufpr.br\/portarias\/progepe-2011-08614\/"},"modified":"2023-07-31T17:19:56","modified_gmt":"2023-07-31T20:19:56","slug":"progepe-2011-08614","status":"publish","type":"post","link":"https:\/\/progepe.ufpr.br\/portarias\/progepe-2011-08614\/","title":{"rendered":"PORTARIA N\u00ba 08614\/PROGEPE, DE 21 DE MAR\u00c7O DE 2011"},"content":{"rendered":"\n<p>A Pr\u00f3-Reitora de Gest\u00e3o de Pessoas da Universidade Federal do Paran\u00e1, no uso de suas atribui\u00e7\u00f5es, tendo em vista a compet\u00eancia que lhe \u00e9 conferida pela Portaria n\u00ba 2.590, de 26 de setembro de 1997 e considerando o que consta no processo n\u00ba 063084\/2011-85,<\/p>\n\n\n<p><strong>RESOLVE:<\/strong><\/p>\n\n\n<p>Retificar a Portaria n\u00ba 8456\/PROGEPE, de 25 de fevereiro de 2011, publicada em DOU de 01.03.11, se\u00e7\u00e3o II, p\u00e1g., 26, referente \u00e0 Aposentadoria Volunt\u00e1ria por tempo de contribui\u00e7\u00e3o, ao docente HARRY KORMAN \u2013 062898, lotado no Departamento de Engenharia El\u00e9trica do Setor de Tecnologia:.<\/p><p> Onde se L\u00ea: &#8230; , mais a Gratifica\u00e7\u00e3o Adicional por tempo de servi\u00e7o, prevista no Art. 67 da Lei n\u00ba 8.112\/90, no \u00edndice de 21 (vinte e um por cento), &#8230; .<\/p><p> Leia-se: &#8230; , mais a Gratifica\u00e7\u00e3o Adicional por tempo de servi\u00e7o, prevista no Art. 67 da Lei n\u00ba 8.112\/90, no \u00edndice de 22 (vinte e dois por cento), &#8230; .<\/p><p><\/p>\n\n\n<div style=\"height:15px\" aria-hidden=\"true\" class=\"wp-block-spacer\"><\/div>\n\n\n<div class=\"wp-block-buttons is-content-justification-right is-layout-flex wp-container-core-buttons-is-layout-1 wp-block-buttons-is-layout-flex\">\n<div class=\"wp-block-button has-custom-font-size is-style-outline has-small-font-size is-style-outline--1\"><a class=\"wp-block-button__link\" href=\"https:\/\/progepe.ufpr.br\/portarias\/wp-content\/uploads\/pcp\/PROGEPE\/2011\/8614PR.pdf\" style=\"border-radius:0px\" target=\"_blank\" rel=\"noreferrer noopener\">Acesse o arquivo da portaria<\/a><\/div><\/div>\n","protected":false},"excerpt":{"rendered":"<p>Retificar a Portaria n\u00ba 8456\/PROGEPE, de 25 de fevereiro de 2011, publicada em DOU de 01.03.11, se\u00e7\u00e3o II, p\u00e1g., 26, referente \u00e0 Aposentadoria Volunt\u00e1ria por tempo de contribui\u00e7\u00e3o, ao docente HARRY KORMAN \u2013 062898, lotado no Departamento de Engenharia El\u00e9trica do Setor de Tecnologia:. Onde se L\u00ea: &#8230; , mais a Gratifica\u00e7\u00e3o Adicional por tempo de servi\u00e7o, prevista no Art. 67 da Lei n\u00ba 8.112\/90, no \u00edndice de 21 (vinte e um por cento), &#8230; . Leia-se: &#8230; , mais a Gratifica\u00e7\u00e3o Adicional por tempo de servi\u00e7o, prevista no Art. 67 da Lei n\u00ba 8.112\/90, no \u00edndice de<\/p>\n","protected":false},"author":41,"featured_media":0,"comment_status":"closed","ping_status":"closed","sticky":false,"template":"wp-custom-template-emissao-entre-01-05-2004-ate-30-06-2017","format":"standard","meta":{"_acf_changed":false,"iawp_total_views":0,"footnotes":""},"categories":[116],"tags":[125],"class_list":["post-165103","post","type-post","status-publish","format-standard","hentry","category-progepe","tag-aposentadoria"],"acf":[],"_links":{"self":[{"href":"https:\/\/progepe.ufpr.br\/portarias\/wp-json\/wp\/v2\/posts\/165103","targetHints":{"allow":["GET"]}}],"collection":[{"href":"https:\/\/progepe.ufpr.br\/portarias\/wp-json\/wp\/v2\/posts"}],"about":[{"href":"https:\/\/progepe.ufpr.br\/portarias\/wp-json\/wp\/v2\/types\/post"}],"author":[{"embeddable":true,"href":"https:\/\/progepe.ufpr.br\/portarias\/wp-json\/wp\/v2\/users\/41"}],"replies":[{"embeddable":true,"href":"https:\/\/progepe.ufpr.br\/portarias\/wp-json\/wp\/v2\/comments?post=165103"}],"version-history":[{"count":1,"href":"https:\/\/progepe.ufpr.br\/portarias\/wp-json\/wp\/v2\/posts\/165103\/revisions"}],"predecessor-version":[{"id":204449,"href":"https:\/\/progepe.ufpr.br\/portarias\/wp-json\/wp\/v2\/posts\/165103\/revisions\/204449"}],"wp:attachment":[{"href":"https:\/\/progepe.ufpr.br\/portarias\/wp-json\/wp\/v2\/media?parent=165103"}],"wp:term":[{"taxonomy":"category","embeddable":true,"href":"https:\/\/progepe.ufpr.br\/portarias\/wp-json\/wp\/v2\/categories?post=165103"},{"taxonomy":"post_tag","embeddable":true,"href":"https:\/\/progepe.ufpr.br\/portarias\/wp-json\/wp\/v2\/tags?post=165103"}],"curies":[{"name":"wp","href":"https:\/\/api.w.org\/{rel}","templated":true}]}}