{"id":165214,"date":"2011-08-04T10:22:00","date_gmt":"2011-08-04T13:22:00","guid":{"rendered":"http:\/\/progepe.ufpr.br\/portarias\/progepe-2011-10281\/"},"modified":"2023-08-03T11:30:39","modified_gmt":"2023-08-03T14:30:39","slug":"progepe-2011-10281","status":"publish","type":"post","link":"https:\/\/progepe.ufpr.br\/portarias\/progepe-2011-10281\/","title":{"rendered":"PORTARIA N\u00ba 10281\/PROGEPE, DE 04 DE AGOSTO DE 2011"},"content":{"rendered":"\n<p>A Pr\u00f3-Reitora de Gest\u00e3o de Pessoas da Universidade Federal do Paran\u00e1, no uso de suas atribui\u00e7\u00f5es, tendo em vista a compet\u00eancia que lhe \u00e9 conferida pela Portaria n\u00ba 2.590, de 26 de setembro de 1997 e o que consta no Art. 103 da Lei n\u00ba 8.112\/90 e ainda o contido no processo n\u00ba 090058\/2011-20,<\/p>\n\n\n<p><strong>RESOLVE:<\/strong><\/p>\n\n\n<p>I. Averbar, a partir de 07 de julho de 2011, para fins de aposentadoria e disponibilidade, o tempo de servi\u00e7o prestado ao Banco Uni\u00e3o Comercial S. A., no per\u00edodo de 16.10.1972 a 29.05.1973, no total de 226 (duzentos e vinte e seis) dias; Centro do Professorado Paulista, no per\u00edodo de 01.04.1974 a 30.06.1975, no total de 456 (quatrocentos e cinq\u00fcenta e seis) dias; Clube Poliesportivo de S\u00e3o Paulo, no per\u00edodo de 13.02.1984 a 01.07.1984, no total de 140 (cento e quarenta) dias; Clube Poliesportivo de S\u00e3o Paulo, no per\u00edodo de 02.05.1985 a 01.11.1985, no total de 184 (cento e oitenta e quatro) dias; e, Prefeitura do Munic\u00edpio de Adamantina, no per\u00edodo de 08.02.1993 a 26.07.1993, no total de 169 (cento e sessenta e nove) dias, em favor do Professor SERGIO LUIZ CARLOS DOS SANTOS &#8211; 153478, classe Adjunto, lotado no Departamento de Educa\u00e7\u00e3o F\u00edsica do Setor de Ci\u00eancias Biol\u00f3gicas.<\/p><p> II. Averbar, a partir da mesma data, para fins de aposentadoria, aposentadoria especial e disponibilidade, o tempo de servi\u00e7o prestado ao CEBAI &#8211; Centro Educacional Baione S. C. Ltda., no per\u00edodo de 13.02.1978 a 27.11.1978, no total de 288 (duzentos e oitenta e oito) dias; Col\u00e9gio Dante Alighieri, no per\u00edodo de 02.03.1979 a 31.03.1980, no total de 396 (trezentos e noventa e seis) dias; Mez Participa\u00e7\u00f5es Ltda., no per\u00edodo de 01.03.1982 a 30.06.1983, no total de 487 (quatrocentos e oitenta e sete) dias; e, Universidade Estadual de Maring\u00e1, no per\u00edodo de 07.03.1995 a 31.07.1995, no total de 147 (cento e quarenta e sete) dias, ao referido docente.<\/p><p><\/p>\n\n\n<div style=\"height:15px\" aria-hidden=\"true\" class=\"wp-block-spacer\"><\/div>\n\n\n<div class=\"wp-block-buttons is-content-justification-right is-layout-flex wp-container-core-buttons-is-layout-1 wp-block-buttons-is-layout-flex\">\n<div class=\"wp-block-button has-custom-font-size is-style-outline has-small-font-size is-style-outline--1\"><a class=\"wp-block-button__link\" href=\"https:\/\/progepe.ufpr.br\/portarias\/wp-content\/uploads\/pcp\/PROGEPE\/2011\/10281PR.pdf\" style=\"border-radius:0px\" target=\"_blank\" rel=\"noreferrer noopener\">Acesse o arquivo da portaria<\/a><\/div><\/div>\n","protected":false},"excerpt":{"rendered":"<p>I. Averbar, a partir de 07 de julho de 2011, para fins de aposentadoria e disponibilidade, o tempo de servi\u00e7o prestado ao Banco Uni\u00e3o Comercial S. A., no per\u00edodo de 16.10.1972 a 29.05.1973, no total de 226 (duzentos e vinte e seis) dias; Centro do Professorado Paulista, no per\u00edodo de 01.04.1974 a 30.06.1975, no total de 456 (quatrocentos e cinq\u00fcenta e seis) dias; Clube Poliesportivo de S\u00e3o Paulo, no per\u00edodo de 13.02.1984 a 01.07.1984, no total de 140 (cento e quarenta) dias; Clube Poliesportivo de S\u00e3o Paulo, no per\u00edodo de 02.05.1985 a 01.11.1985, no total de 184 (cento<\/p>\n","protected":false},"author":41,"featured_media":0,"comment_status":"closed","ping_status":"closed","sticky":false,"template":"wp-custom-template-emissao-entre-01-05-2004-ate-30-06-2017","format":"standard","meta":{"_acf_changed":false,"iawp_total_views":0,"footnotes":""},"categories":[116],"tags":[140],"class_list":["post-165214","post","type-post","status-publish","format-standard","hentry","category-progepe","tag-averbacao-desaverbacao"],"acf":[],"_links":{"self":[{"href":"https:\/\/progepe.ufpr.br\/portarias\/wp-json\/wp\/v2\/posts\/165214","targetHints":{"allow":["GET"]}}],"collection":[{"href":"https:\/\/progepe.ufpr.br\/portarias\/wp-json\/wp\/v2\/posts"}],"about":[{"href":"https:\/\/progepe.ufpr.br\/portarias\/wp-json\/wp\/v2\/types\/post"}],"author":[{"embeddable":true,"href":"https:\/\/progepe.ufpr.br\/portarias\/wp-json\/wp\/v2\/users\/41"}],"replies":[{"embeddable":true,"href":"https:\/\/progepe.ufpr.br\/portarias\/wp-json\/wp\/v2\/comments?post=165214"}],"version-history":[{"count":1,"href":"https:\/\/progepe.ufpr.br\/portarias\/wp-json\/wp\/v2\/posts\/165214\/revisions"}],"predecessor-version":[{"id":204560,"href":"https:\/\/progepe.ufpr.br\/portarias\/wp-json\/wp\/v2\/posts\/165214\/revisions\/204560"}],"wp:attachment":[{"href":"https:\/\/progepe.ufpr.br\/portarias\/wp-json\/wp\/v2\/media?parent=165214"}],"wp:term":[{"taxonomy":"category","embeddable":true,"href":"https:\/\/progepe.ufpr.br\/portarias\/wp-json\/wp\/v2\/categories?post=165214"},{"taxonomy":"post_tag","embeddable":true,"href":"https:\/\/progepe.ufpr.br\/portarias\/wp-json\/wp\/v2\/tags?post=165214"}],"curies":[{"name":"wp","href":"https:\/\/api.w.org\/{rel}","templated":true}]}}