{"id":165217,"date":"2011-08-08T10:17:00","date_gmt":"2011-08-08T13:17:00","guid":{"rendered":"http:\/\/progepe.ufpr.br\/portarias\/progepe-2011-10318\/"},"modified":"2023-08-03T11:30:42","modified_gmt":"2023-08-03T14:30:42","slug":"progepe-2011-10318","status":"publish","type":"post","link":"https:\/\/progepe.ufpr.br\/portarias\/progepe-2011-10318\/","title":{"rendered":"PORTARIA N\u00ba 10318\/PROGEPE, DE 08 DE AGOSTO DE 2011"},"content":{"rendered":"\n<p>A Pr\u00f3-Reitora de Gest\u00e3o de Pessoas da Universidade Federal do Paran\u00e1 em exerc\u00edcio, no uso de suas atribui\u00e7\u00f5es, tendo em vista a compet\u00eancia que lhe \u00e9 conferida pela Portaria n\u00ba 2.590, de 26 de setembro de 1997 e o que consta no Art. 103 da Lei n\u00ba 8.112\/90 e ainda o contido no processo n\u00ba 091050\/2011-81,<\/p>\n\n\n<p><strong>RESOLVE:<\/strong><\/p>\n\n\n<p>I. Averbar, a partir de 19 de julho de 2011, para fins de aposentadoria, aposentadoria especial e disponibilidade, o tempo de servi\u00e7o prestado \u00e0 Universidade Estadual de Maring\u00e1, no per\u00edodo de 16.03.1987 a 10.03.1988, no total de 361 (trezentos e sessenta e um) dias; Universidade Estadual de Maring\u00e1, no per\u00edodo de 14.03.1988 a 31.08.1991, no total de 1.266 (um mil duzentos e sessenta e seis) dias; Centro de Ensino Superior de Campo Grande Ltda., no per\u00edodo de 01.02.1998 a 14.02.2000, no total de 744 (setecentos e quarenta e quatro) dias; Sociedade de Ensino Superior Est\u00e1cio de S\u00e1 Ltda., no per\u00edodo de 15.02.2000 a 01.08.2000, no total de 169 (cento e sessenta e nove) dias; Sociedade Civil de Educa\u00e7\u00e3o da Grande Dourados, no per\u00edodo de 02.08.2000 a 04.08.2000, no total de 03 (tr\u00eas) dias; SET Sociedade Civil Educacional Tuiuti Limitada, no per\u00edodo de 05.08.2000 a 18.02.2005, no total de 1.659 (um mil seiscentos e cinq\u00fcenta e nove) dias; e, Associa\u00e7\u00e3o de Ensino Versalhes, no per\u00edodo de 19.02.2005 a 20.10.2005, no total de 244 (duzentos e quarenta e quatro) dias, em favor da Professora DENISE DA VINHA RICIERI &#8211; 187992, classe Adjunto, lotada no Departamento de Educa\u00e7\u00e3o F\u00edsica do Setor de Ci\u00eancias Biol\u00f3gicas.<\/p><p> II. Averbar, a partir da mesma data, para fins de aposentadoria e disponibilidade, o tempo de servi\u00e7o prestado como Aut\u00f4nomo, nos per\u00edodos de 01.07.1993 a 30.09.1993, no total de 92 (noventa e dois) dias; e, 01.12.1993 a 31.10.1994, no total de 335 (trezentos e trinta e cinco) dias, \u00e0 referida docente.<\/p><p> Lania Virginia Busnello Vaz Garcia<\/p><p><\/p>\n\n\n<div style=\"height:15px\" aria-hidden=\"true\" class=\"wp-block-spacer\"><\/div>\n\n\n<div class=\"wp-block-buttons is-content-justification-right is-layout-flex wp-container-core-buttons-is-layout-1 wp-block-buttons-is-layout-flex\">\n<div class=\"wp-block-button has-custom-font-size is-style-outline has-small-font-size is-style-outline--1\"><a class=\"wp-block-button__link\" href=\"https:\/\/progepe.ufpr.br\/portarias\/wp-content\/uploads\/pcp\/PROGEPE\/2011\/10318PR.pdf\" style=\"border-radius:0px\" target=\"_blank\" rel=\"noreferrer noopener\">Acesse o arquivo da portaria<\/a><\/div><\/div>\n","protected":false},"excerpt":{"rendered":"<p>I. Averbar, a partir de 19 de julho de 2011, para fins de aposentadoria, aposentadoria especial e disponibilidade, o tempo de servi\u00e7o prestado \u00e0 Universidade Estadual de Maring\u00e1, no per\u00edodo de 16.03.1987 a 10.03.1988, no total de 361 (trezentos e sessenta e um) dias; Universidade Estadual de Maring\u00e1, no per\u00edodo de 14.03.1988 a 31.08.1991, no total de 1.266 (um mil duzentos e sessenta e seis) dias; Centro de Ensino Superior de Campo Grande Ltda., no per\u00edodo de 01.02.1998 a 14.02.2000, no total de 744 (setecentos e quarenta e quatro) dias; Sociedade de Ensino Superior Est\u00e1cio de S\u00e1 Ltda.,<\/p>\n","protected":false},"author":41,"featured_media":0,"comment_status":"closed","ping_status":"closed","sticky":false,"template":"wp-custom-template-emissao-entre-01-05-2004-ate-30-06-2017","format":"standard","meta":{"_acf_changed":false,"iawp_total_views":0,"footnotes":""},"categories":[116],"tags":[140],"class_list":["post-165217","post","type-post","status-publish","format-standard","hentry","category-progepe","tag-averbacao-desaverbacao"],"acf":[],"_links":{"self":[{"href":"https:\/\/progepe.ufpr.br\/portarias\/wp-json\/wp\/v2\/posts\/165217","targetHints":{"allow":["GET"]}}],"collection":[{"href":"https:\/\/progepe.ufpr.br\/portarias\/wp-json\/wp\/v2\/posts"}],"about":[{"href":"https:\/\/progepe.ufpr.br\/portarias\/wp-json\/wp\/v2\/types\/post"}],"author":[{"embeddable":true,"href":"https:\/\/progepe.ufpr.br\/portarias\/wp-json\/wp\/v2\/users\/41"}],"replies":[{"embeddable":true,"href":"https:\/\/progepe.ufpr.br\/portarias\/wp-json\/wp\/v2\/comments?post=165217"}],"version-history":[{"count":1,"href":"https:\/\/progepe.ufpr.br\/portarias\/wp-json\/wp\/v2\/posts\/165217\/revisions"}],"predecessor-version":[{"id":204563,"href":"https:\/\/progepe.ufpr.br\/portarias\/wp-json\/wp\/v2\/posts\/165217\/revisions\/204563"}],"wp:attachment":[{"href":"https:\/\/progepe.ufpr.br\/portarias\/wp-json\/wp\/v2\/media?parent=165217"}],"wp:term":[{"taxonomy":"category","embeddable":true,"href":"https:\/\/progepe.ufpr.br\/portarias\/wp-json\/wp\/v2\/categories?post=165217"},{"taxonomy":"post_tag","embeddable":true,"href":"https:\/\/progepe.ufpr.br\/portarias\/wp-json\/wp\/v2\/tags?post=165217"}],"curies":[{"name":"wp","href":"https:\/\/api.w.org\/{rel}","templated":true}]}}