{"id":165218,"date":"2011-08-08T10:32:00","date_gmt":"2011-08-08T13:32:00","guid":{"rendered":"http:\/\/progepe.ufpr.br\/portarias\/progepe-2011-10333\/"},"modified":"2023-08-03T11:30:44","modified_gmt":"2023-08-03T14:30:44","slug":"progepe-2011-10333","status":"publish","type":"post","link":"https:\/\/progepe.ufpr.br\/portarias\/progepe-2011-10333\/","title":{"rendered":"PORTARIA N\u00ba 10333\/PROGEPE, DE 08 DE AGOSTO DE 2011"},"content":{"rendered":"\n<p>A Pr\u00f3-Reitora de Gest\u00e3o de Pessoas da Universidade Federal do Paran\u00e1 em exerc\u00edcio, no uso de suas atribui\u00e7\u00f5es, tendo em vista a compet\u00eancia que lhe \u00e9 conferida pela Portaria n\u00ba 2.590, de 26 de setembro de 1997 e o que consta no Art. 100 da Lei n\u00ba 8.112\/90 e ainda o contido no processo n\u00ba 091633\/2011-10,<\/p>\n\n\n<p><strong>RESOLVE:<\/strong><\/p>\n\n\n<p>Averbar, a partir de 27 de julho de 2011, para fins de aposentadoria, aposentadoria especial e disponibilidade, o tempo de servi\u00e7o prestado \u00e0 Universidade Tecnol\u00f3gica Federal do Paran\u00e1 &#8211; UTFPR, no per\u00edodo de 04.08.2005 a 01.02.2006, no total de 177 (cento e setenta e sete) dias, em favor da Professora CATIA GARCIA MORAIS &#8211; 201462, classe Assistente, lotada no Setor de Educa\u00e7\u00e3o Profissional e Tecnol\u00f3gica.<\/p><p> Lania Virginia Busnello Vaz Garcia<\/p><p><\/p>\n\n\n<div style=\"height:15px\" aria-hidden=\"true\" class=\"wp-block-spacer\"><\/div>\n\n\n<div class=\"wp-block-buttons is-content-justification-right is-layout-flex wp-container-core-buttons-is-layout-1 wp-block-buttons-is-layout-flex\">\n<div class=\"wp-block-button has-custom-font-size is-style-outline has-small-font-size is-style-outline--1\"><a class=\"wp-block-button__link\" href=\"https:\/\/progepe.ufpr.br\/portarias\/wp-content\/uploads\/pcp\/PROGEPE\/2011\/10333PR.pdf\" style=\"border-radius:0px\" target=\"_blank\" rel=\"noreferrer noopener\">Acesse o arquivo da portaria<\/a><\/div><\/div>\n","protected":false},"excerpt":{"rendered":"<p>Averbar, a partir de 27 de julho de 2011, para fins de aposentadoria, aposentadoria especial e disponibilidade, o tempo de servi\u00e7o prestado \u00e0 Universidade Tecnol\u00f3gica Federal do Paran\u00e1 &#8211; UTFPR, no per\u00edodo de 04.08.2005 a 01.02.2006, no total de 177 (cento e setenta e sete) dias, em favor da Professora CATIA GARCIA MORAIS &#8211; 201462, classe Assistente, lotada no Setor de Educa\u00e7\u00e3o Profissional e Tecnol\u00f3gica. Lania Virginia Busnello Vaz Garcia  {&#8220;height&#8221;:&#8221;15px&#8221;} <\/p>\n<div style=\"height:15px\" aria-hidden=\"true\" class=\"wp-block-spacer\"> <!-- \/wp:spacer  {\"layout\":{\"type\":\"flex\",\"justifyContent\":\"right\"}} \n\n<div class=\"wp-block-buttons\"><!-- wp:button {\"style\":{\"border\":{\"radius\":\"0px\"}},\"className\":\"is-style-outline\",\"fontSize\":\"small\"} \n\n<div class=\"wp-block-button has-custom-font-size is-style-outline has-small-font-size\"><a class=\"wp-block-button__link\" href=\"https:\/\/progepe.ufpr.br\/portarias\/wp-content\/uploads\/pcp\/PROGEPE\/2011\/10333PR.pdf\" style=\"border-radius:0px\" target=\"_blank\" rel=\"noreferre\n<\/p>\n","protected":false},"author":41,"featured_media":0,"comment_status":"closed","ping_status":"closed","sticky":false,"template":"wp-custom-template-emissao-entre-01-05-2004-ate-30-06-2017","format":"standard","meta":{"_acf_changed":false,"iawp_total_views":0,"footnotes":""},"categories":[116],"tags":[140],"class_list":["post-165218","post","type-post","status-publish","format-standard","hentry","category-progepe","tag-averbacao-desaverbacao"],"acf":[],"_links":{"self":[{"href":"https:\/\/progepe.ufpr.br\/portarias\/wp-json\/wp\/v2\/posts\/165218","targetHints":{"allow":["GET"]}}],"collection":[{"href":"https:\/\/progepe.ufpr.br\/portarias\/wp-json\/wp\/v2\/posts"}],"about":[{"href":"https:\/\/progepe.ufpr.br\/portarias\/wp-json\/wp\/v2\/types\/post"}],"author":[{"embeddable":true,"href":"https:\/\/progepe.ufpr.br\/portarias\/wp-json\/wp\/v2\/users\/41"}],"replies":[{"embeddable":true,"href":"https:\/\/progepe.ufpr.br\/portarias\/wp-json\/wp\/v2\/comments?post=165218"}],"version-history":[{"count":1,"href":"https:\/\/progepe.ufpr.br\/portarias\/wp-json\/wp\/v2\/posts\/165218\/revisions"}],"predecessor-version":[{"id":204564,"href":"https:\/\/progepe.ufpr.br\/portarias\/wp-json\/wp\/v2\/posts\/165218\/revisions\/204564"}],"wp:attachment":[{"href":"https:\/\/progepe.ufpr.br\/portarias\/wp-json\/wp\/v2\/media?parent=165218"}],"wp:term":[{"taxonomy":"category","embeddable":true,"href":"https:\/\/progepe.ufpr.br\/portarias\/wp-json\/wp\/v2\/categories?post=165218"},{"taxonomy":"post_tag","embeddable":true,"href":"https:\/\/progepe.ufpr.br\/portarias\/wp-json\/wp\/v2\/tags?post=165218"}],"curies":[{"name":"wp","href":"https:\/\/api.w.org\/{rel}","templated":true}]}}