{"id":165221,"date":"2011-08-10T10:02:00","date_gmt":"2011-08-10T13:02:00","guid":{"rendered":"http:\/\/progepe.ufpr.br\/portarias\/progepe-2011-10386\/"},"modified":"2023-08-03T11:30:49","modified_gmt":"2023-08-03T14:30:49","slug":"progepe-2011-10386","status":"publish","type":"post","link":"https:\/\/progepe.ufpr.br\/portarias\/progepe-2011-10386\/","title":{"rendered":"PORTARIA N\u00ba 10386\/PROGEPE, DE 10 DE AGOSTO DE 2011"},"content":{"rendered":"\n<p>A Pr\u00f3-Reitora de Gest\u00e3o de Pessoas da Universidade Federal do Paran\u00e1 em exerc\u00edcio,  no uso de suas atribui\u00e7\u00f5es, tendo em vista a compet\u00eancia que lhe \u00e9 conferida pela Portaria n\u00ba 2.590, de 26 de setembro de 1997 e considerando o que consta no artigo 103 na Lei n\u00ba 8.112\/90 e ainda o contido no processo n\u00ba 090205\/2011-61,<\/p>\n\n\n<p><strong>RESOLVE:<\/strong><\/p>\n\n\n<p>I. Averbar, a partir de 08 de julho de 2011, para fins de aposentadoria e  disponibilidade, o tempo de servi\u00e7o prestado: Silos de Cerais Campo Real, no per\u00edodo de 23.02.1977 a 23.02.1978, no total de 366 (trezentos e sessenta e seis) dias; Dulceia Penedo, no per\u00edodo de 01.03.1980 a 06.09.1980, no total de 190 (cento e noventa) dias; Farm\u00e1cia Santa Monica Palmital Ltda, no per\u00edodo de 07.09.1980 a 30.08.1982, no total de 723, (setecentos e vinte e tr\u00eas) dias; Pajewski e Pajewski Ltda, no per\u00edodo de 21.01.1983 a 30.09.1983, no total de 253 (duzentos e cinquenta e tr\u00eas) dias; Farmacia Lemafarma Ltda, no per\u00edodo de 19.03.1984 a 31.01.1986, no total de 684 (seiscentos e oitenta e quatro) dias; Contribui\u00e7\u00e3o Individual Filia\u00e7\u00e3o M\u00e9dico, no per\u00edodo de 01.11.1987 a 31.12.1987, no total de 61 (sessentae um) dias; Funda\u00e7\u00e3o Caetano Munhos da Rocha, no per\u00edodo de 29.06.1990 a 26.09.1990, no total de 90 (noventa) dias; Contribui\u00e7\u00e3o Individual Filia\u00e7\u00e3o M\u00e9dico, no per\u00edodo de 01.03.1991 a 31.05.1991, no total de 92 (noventa e dois) dias; Rec. Contribui\u00e7\u00e3o Individual Filia\u00e7\u00e3o M\u00e9dico, no per\u00edodo de 01.03.1992 a 30.06.1993, no total de 487 (qutrocentose oitenta e sete) dias; Contribui\u00e7\u00e3o Individual Filia\u00e7\u00e3o M\u00e9dico, no per\u00edodo de 01.09.1993 a 31.12.1994, no total de 487 (quatrocentos e oitenta e sete) dias; Contribui\u00e7\u00e3o Individual Filia\u00e7\u00e3o M\u00e9dico, no per\u00edodo de 01.02.1995 a 12.08.1996, no total de 559 (quinhentos e cinquenta e nove) dias  em favor  do Servidor EMERSON LUIZ NEVES &#8211; 143758, ocuapnte do cargo de M\u00e9dico- \u00c1rea, com lota\u00e7\u00e3o tempor\u00e1ria na Coordenadoria de Desenvolvimento de Pessoas.<\/p><p> II. Averbar, a partir da mesma data, para fins de aposentadoria, aposentadoria especial e disponibilidade o tempo de servi\u00e7o prestado: Sociedade Educativa Cult. Andrade Ltda, no per\u00edodo de 01.09.1982 a 20.01.1983, no total de 142 (cento e quarenta e dois) dias, em favor do referido Servidor.<\/p><p> Lania Virgina Busnello Vaz Garcia<\/p><p><\/p>\n\n\n<div style=\"height:15px\" aria-hidden=\"true\" class=\"wp-block-spacer\"><\/div>\n\n\n<div class=\"wp-block-buttons is-content-justification-right is-layout-flex wp-container-core-buttons-is-layout-1 wp-block-buttons-is-layout-flex\">\n<div class=\"wp-block-button has-custom-font-size is-style-outline has-small-font-size is-style-outline--1\"><a class=\"wp-block-button__link\" href=\"https:\/\/progepe.ufpr.br\/portarias\/wp-content\/uploads\/pcp\/PROGEPE\/2011\/10386PR.pdf\" style=\"border-radius:0px\" target=\"_blank\" rel=\"noreferrer noopener\">Acesse o arquivo da portaria<\/a><\/div><\/div>\n","protected":false},"excerpt":{"rendered":"<p>I. Averbar, a partir de 08 de julho de 2011, para fins de aposentadoria e disponibilidade, o tempo de servi\u00e7o prestado: Silos de Cerais Campo Real, no per\u00edodo de 23.02.1977 a 23.02.1978, no total de 366 (trezentos e sessenta e seis) dias; Dulceia Penedo, no per\u00edodo de 01.03.1980 a 06.09.1980, no total de 190 (cento e noventa) dias; Farm\u00e1cia Santa Monica Palmital Ltda, no per\u00edodo de 07.09.1980 a 30.08.1982, no total de 723, (setecentos e vinte e tr\u00eas) dias; Pajewski e Pajewski Ltda, no per\u00edodo de 21.01.1983 a 30.09.1983, no total de 253 (duzentos e cinquenta e tr\u00eas)<\/p>\n","protected":false},"author":41,"featured_media":0,"comment_status":"closed","ping_status":"closed","sticky":false,"template":"wp-custom-template-emissao-entre-01-05-2004-ate-30-06-2017","format":"standard","meta":{"_acf_changed":false,"iawp_total_views":0,"footnotes":""},"categories":[116],"tags":[140],"class_list":["post-165221","post","type-post","status-publish","format-standard","hentry","category-progepe","tag-averbacao-desaverbacao"],"acf":[],"_links":{"self":[{"href":"https:\/\/progepe.ufpr.br\/portarias\/wp-json\/wp\/v2\/posts\/165221","targetHints":{"allow":["GET"]}}],"collection":[{"href":"https:\/\/progepe.ufpr.br\/portarias\/wp-json\/wp\/v2\/posts"}],"about":[{"href":"https:\/\/progepe.ufpr.br\/portarias\/wp-json\/wp\/v2\/types\/post"}],"author":[{"embeddable":true,"href":"https:\/\/progepe.ufpr.br\/portarias\/wp-json\/wp\/v2\/users\/41"}],"replies":[{"embeddable":true,"href":"https:\/\/progepe.ufpr.br\/portarias\/wp-json\/wp\/v2\/comments?post=165221"}],"version-history":[{"count":1,"href":"https:\/\/progepe.ufpr.br\/portarias\/wp-json\/wp\/v2\/posts\/165221\/revisions"}],"predecessor-version":[{"id":204567,"href":"https:\/\/progepe.ufpr.br\/portarias\/wp-json\/wp\/v2\/posts\/165221\/revisions\/204567"}],"wp:attachment":[{"href":"https:\/\/progepe.ufpr.br\/portarias\/wp-json\/wp\/v2\/media?parent=165221"}],"wp:term":[{"taxonomy":"category","embeddable":true,"href":"https:\/\/progepe.ufpr.br\/portarias\/wp-json\/wp\/v2\/categories?post=165221"},{"taxonomy":"post_tag","embeddable":true,"href":"https:\/\/progepe.ufpr.br\/portarias\/wp-json\/wp\/v2\/tags?post=165221"}],"curies":[{"name":"wp","href":"https:\/\/api.w.org\/{rel}","templated":true}]}}