{"id":165564,"date":"2011-06-03T10:05:00","date_gmt":"2011-06-03T13:05:00","guid":{"rendered":"http:\/\/progepe.ufpr.br\/portarias\/progepe-2011-09552\/"},"modified":"2023-08-03T11:29:33","modified_gmt":"2023-08-03T14:29:33","slug":"progepe-2011-09552","status":"publish","type":"post","link":"https:\/\/progepe.ufpr.br\/portarias\/progepe-2011-09552\/","title":{"rendered":"PORTARIA N\u00ba 09552\/PROGEPE, DE 03 DE JUNHO DE 2011"},"content":{"rendered":"\n<p>A Pr\u00f3-Reitora de Gest\u00e3o de Pessoas da Universidade Federal do Paran\u00e1, no uso de suas atribui\u00e7\u00f5es, tendo em vista a compet\u00eancia que lhe \u00e9 conferida pela Portaria n\u00ba 2.590, de 26 de setembro de 1997 e considerando o que consta nos Artigos 100 e 103 da Lei n\u00ba 8.112\/90 e ainda o contido no processo n\u00ba 075682\/2011-05,<\/p>\n\n\n<p><strong>RESOLVE:<\/strong><\/p>\n\n\n<p>I. Averbar, a partir de 13 de abril de 2011, para fins de aposentadoria, aposentadoria especial, gratifica\u00e7\u00e3o adicional, licen\u00e7a especial e disponibilidade, o tempo de servi\u00e7o prestado a Universidade Federal do Mato Grosso do Sul, no per\u00edodo de 01.03.1996 a 14.10.1996, no total de 228 (duzentos e vinte e oito) dias, em favor da Professora CATIA GARCIA MORAIS &#8211; 201462, classe Assistente, lotada no Setor de Educa\u00e7\u00e3o Profissional e Tecnol\u00f3gica.<\/p><p> II. Averbar, a partir da mesma data, para fins de aposentadoria, aposentadoria especial, gratifica\u00e7\u00e3o adicional e disponibilidade, o tempo de servi\u00e7o prestado a Universidade Federal do Mato Grosso do Sul, no per\u00edodo de 15.10.1996 a 25.03.1997, no total de 162 (cento e sessenta e dois) dias, a referida Docente.<\/p><p> III. Averbar, a partir da mesma data, para fins de, aposentadoria especial e disponibilidade, o tempo de servi\u00e7o prestado: H &#038; K Inform\u00e1tica e Treinamentos Ltda, no per\u00edodo de 26.03.1997 a 30.06.1997, no total de 97 (noventa e sete) dias; Centro de Ensino Superior de Campo Grande Ltda, no per\u00edodo de 01.07.1997 a 17.12.1997, no total de 170 (cento e setenta) dias; Funda\u00e7\u00e3o Universidade Federal do Mato Grosso do Sul, no per\u00edodo de 31.07.1999 a 31.03.2000, no total de 245 (duzentos e quarenta e cinco) dias; Miss\u00e3o Salesiana de Mato Grosso, no per\u00edodo de 21.02.2004 a 01.06.2004, no total de 102 (cento e dois) dias; Uni\u00e3o Paranaense de de Ensino e Cultura \u2013 UNIPEC, no per\u00edodo de 02.06.2004 a 28.07.2004, no total de 57 (cinquenta e sete) dias; Uni\u00e3o Paranaense de Ensino e Cultura \u2013UNIPEC, no per\u00edodo de 01.02.2005 a 27.07.2005, no total de 177 (cento e setenta e sete) dias; Uni\u00e3o Paranaense de Ensino e Cultura \u2013UNIPEC, no per\u00edodo de 03.02.2006 a 05.03.2006, no total 31 (trinta e um) dias; Uni\u00e3o Paranaense de Ensino e Cultura \u2013UNIPEC, no per\u00edodo de 01.04.2007 a 02.07.2007, no total de 93 (noventa e tr\u00eas); C. De E. Universit\u00e1ria S\u00e3o Jos\u00e9 dos Pinhais \u2013 CEU \u2013 Ltda, no per\u00edodo de 03.07.2007 a 14.10.2008, no total de 470 (quatrocentos e setenta) dias, \u00e0 referida Docente.<\/p><p> IV. Averbar, a partir da mesma data, para fins de, aposentadoria e disponibilidade, o tempo de servi\u00e7o prestado: Techne Engenharia e Sistemas Ltda, no per\u00edodo de 18.12.1997 a 05.02.1998, no total de 50 (cinquenta) dias; Universidade Tecnologica Federal do Paran\u00e1, no per\u00edodo de 06.04.2006 a 31.03.2007, no total de 360 (trezentos e sessenta) dias; Aut\u00f4nomo, no per\u00edodo de 01.07.2009 a 30.09.2009, no total de 92 (noventa e dois) dias; Minist\u00e9rio da Defesa, Exercito Brasileiro, no per\u00edodo de 09.03.1999 a 30.07.1999, no total de 144 (cento e quarenta e quatro) dias, \u00e0 referida Docente.<\/p><p> V. Averbar, a partir da mesma data, para fins de, aposentadoria e disponibilidade e gratifica\u00e7\u00e3o adicional, o tempo de servi\u00e7o prestado: Minist\u00e9rio da Defesa, Exercito Brasileiro, no per\u00edodo de 30.07.1998 a 08.03.1999, no total de 222 (duzentos e vinte e dois) dias; \u00e0 referida Docente.<\/p><p><\/p>\n\n\n<div style=\"height:15px\" aria-hidden=\"true\" class=\"wp-block-spacer\"><\/div>\n\n\n<div class=\"wp-block-buttons is-content-justification-right is-layout-flex wp-container-core-buttons-is-layout-1 wp-block-buttons-is-layout-flex\">\n<div class=\"wp-block-button has-custom-font-size is-style-outline has-small-font-size is-style-outline--1\"><a class=\"wp-block-button__link\" href=\"https:\/\/progepe.ufpr.br\/portarias\/wp-content\/uploads\/pcp\/PROGEPE\/2011\/9552PR.pdf\" style=\"border-radius:0px\" target=\"_blank\" rel=\"noreferrer noopener\">Acesse o arquivo da portaria<\/a><\/div><\/div>\n","protected":false},"excerpt":{"rendered":"<p>I. Averbar, a partir de 13 de abril de 2011, para fins de aposentadoria, aposentadoria especial, gratifica\u00e7\u00e3o adicional, licen\u00e7a especial e disponibilidade, o tempo de servi\u00e7o prestado a Universidade Federal do Mato Grosso do Sul, no per\u00edodo de 01.03.1996 a 14.10.1996, no total de 228 (duzentos e vinte e oito) dias, em favor da Professora CATIA GARCIA MORAIS &#8211; 201462, classe Assistente, lotada no Setor de Educa\u00e7\u00e3o Profissional e Tecnol\u00f3gica. II. Averbar, a partir da mesma data, para fins de aposentadoria, aposentadoria especial, gratifica\u00e7\u00e3o adicional e disponibilidade, o tempo de servi\u00e7o prestado a Universidade Federal do Mato Grosso<\/p>\n","protected":false},"author":41,"featured_media":0,"comment_status":"closed","ping_status":"closed","sticky":false,"template":"wp-custom-template-emissao-entre-01-05-2004-ate-30-06-2017","format":"standard","meta":{"_acf_changed":false,"iawp_total_views":0,"footnotes":""},"categories":[116],"tags":[140],"class_list":["post-165564","post","type-post","status-publish","format-standard","hentry","category-progepe","tag-averbacao-desaverbacao"],"acf":[],"_links":{"self":[{"href":"https:\/\/progepe.ufpr.br\/portarias\/wp-json\/wp\/v2\/posts\/165564","targetHints":{"allow":["GET"]}}],"collection":[{"href":"https:\/\/progepe.ufpr.br\/portarias\/wp-json\/wp\/v2\/posts"}],"about":[{"href":"https:\/\/progepe.ufpr.br\/portarias\/wp-json\/wp\/v2\/types\/post"}],"author":[{"embeddable":true,"href":"https:\/\/progepe.ufpr.br\/portarias\/wp-json\/wp\/v2\/users\/41"}],"replies":[{"embeddable":true,"href":"https:\/\/progepe.ufpr.br\/portarias\/wp-json\/wp\/v2\/comments?post=165564"}],"version-history":[{"count":1,"href":"https:\/\/progepe.ufpr.br\/portarias\/wp-json\/wp\/v2\/posts\/165564\/revisions"}],"predecessor-version":[{"id":204910,"href":"https:\/\/progepe.ufpr.br\/portarias\/wp-json\/wp\/v2\/posts\/165564\/revisions\/204910"}],"wp:attachment":[{"href":"https:\/\/progepe.ufpr.br\/portarias\/wp-json\/wp\/v2\/media?parent=165564"}],"wp:term":[{"taxonomy":"category","embeddable":true,"href":"https:\/\/progepe.ufpr.br\/portarias\/wp-json\/wp\/v2\/categories?post=165564"},{"taxonomy":"post_tag","embeddable":true,"href":"https:\/\/progepe.ufpr.br\/portarias\/wp-json\/wp\/v2\/tags?post=165564"}],"curies":[{"name":"wp","href":"https:\/\/api.w.org\/{rel}","templated":true}]}}