{"id":165565,"date":"2011-06-03T10:06:00","date_gmt":"2011-06-03T13:06:00","guid":{"rendered":"http:\/\/progepe.ufpr.br\/portarias\/progepe-2011-09553\/"},"modified":"2023-08-03T11:29:33","modified_gmt":"2023-08-03T14:29:33","slug":"progepe-2011-09553","status":"publish","type":"post","link":"https:\/\/progepe.ufpr.br\/portarias\/progepe-2011-09553\/","title":{"rendered":"PORTARIA N\u00ba 09553\/PROGEPE, DE 03 DE JUNHO DE 2011"},"content":{"rendered":"\n<p>A Pr\u00f3-Reitora de Gest\u00e3o de Pessoas da Universidade Federal do Paran\u00e1, no uso de suas atribui\u00e7\u00f5es, tendo em vista a compet\u00eancia que lhe \u00e9 conferida pela Portaria n\u00ba 2.590, de 26 de setembro de 1997 e considerando o que consta no artigo 103 na Lei n\u00ba 8.112\/90 e ainda o contido no processo n\u00ba 078175\/2011-15,<\/p>\n\n\n<p><strong>RESOLVE:<\/strong><\/p>\n\n\n<p>I. Averbar, a partir de 29 de abril de 2011, para fins de aposentadoria e disponibilidade, o tempo de servi\u00e7o prestado: Associa\u00e7\u00e3o de Solidariedade a Crian\u00e7a Excepcional \u2013ASCE, no per\u00edodo de 11.03.1980 a 02.010.1980, no total de 206 (duzentos e seis) dias; Instituto da Imaculada, no per\u00edodo de 12.02.1981 a 30.04.1983, no total de 808 (oitocentos e oito) dias; Funda\u00e7\u00e3o Nacional Pro Memoria, no per\u00edodo de 02.06.1986 a 02.07.1990, no total de 1.492 (um mil, quatrocentose noventa e dois) dias; Autonomo, no per\u00edodo de 01.04.1998 a 31.01.1999, no total de 306 (trezentos e seis) dias, em favor da Professora ROSEANE YAMPOLSCHI &#8211; 180866, classe Adjunto, lotado no Departamento de Artes do Setor de Ci\u00eancias Humanas, Letras e Artes.<\/p><p> II. Averbar, a partir da mesma data, para fins de aposentadoria, aposentadoria especial e disponibilidade o tempo de servi\u00e7o prestado: Universidade do Estado de Minas Gerais, no per\u00edodo de 01.02.1999 a 31.07.2004, no total de 2008 (dois mil e oito) dias, em favor da referida Docente.<\/p><p><\/p>\n\n\n<div style=\"height:15px\" aria-hidden=\"true\" class=\"wp-block-spacer\"><\/div>\n\n\n<div class=\"wp-block-buttons is-content-justification-right is-layout-flex wp-container-core-buttons-is-layout-1 wp-block-buttons-is-layout-flex\">\n<div class=\"wp-block-button has-custom-font-size is-style-outline has-small-font-size is-style-outline--1\"><a class=\"wp-block-button__link\" href=\"https:\/\/progepe.ufpr.br\/portarias\/wp-content\/uploads\/pcp\/PROGEPE\/2011\/9553PR.pdf\" style=\"border-radius:0px\" target=\"_blank\" rel=\"noreferrer noopener\">Acesse o arquivo da portaria<\/a><\/div><\/div>\n","protected":false},"excerpt":{"rendered":"<p>I. Averbar, a partir de 29 de abril de 2011, para fins de aposentadoria e disponibilidade, o tempo de servi\u00e7o prestado: Associa\u00e7\u00e3o de Solidariedade a Crian\u00e7a Excepcional \u2013ASCE, no per\u00edodo de 11.03.1980 a 02.010.1980, no total de 206 (duzentos e seis) dias; Instituto da Imaculada, no per\u00edodo de 12.02.1981 a 30.04.1983, no total de 808 (oitocentos e oito) dias; Funda\u00e7\u00e3o Nacional Pro Memoria, no per\u00edodo de 02.06.1986 a 02.07.1990, no total de 1.492 (um mil, quatrocentose noventa e dois) dias; Autonomo, no per\u00edodo de 01.04.1998 a 31.01.1999, no total de 306 (trezentos e seis) dias, em favor da<\/p>\n","protected":false},"author":41,"featured_media":0,"comment_status":"closed","ping_status":"closed","sticky":false,"template":"wp-custom-template-emissao-entre-01-05-2004-ate-30-06-2017","format":"standard","meta":{"_acf_changed":false,"iawp_total_views":0,"footnotes":""},"categories":[116],"tags":[140],"class_list":["post-165565","post","type-post","status-publish","format-standard","hentry","category-progepe","tag-averbacao-desaverbacao"],"acf":[],"_links":{"self":[{"href":"https:\/\/progepe.ufpr.br\/portarias\/wp-json\/wp\/v2\/posts\/165565","targetHints":{"allow":["GET"]}}],"collection":[{"href":"https:\/\/progepe.ufpr.br\/portarias\/wp-json\/wp\/v2\/posts"}],"about":[{"href":"https:\/\/progepe.ufpr.br\/portarias\/wp-json\/wp\/v2\/types\/post"}],"author":[{"embeddable":true,"href":"https:\/\/progepe.ufpr.br\/portarias\/wp-json\/wp\/v2\/users\/41"}],"replies":[{"embeddable":true,"href":"https:\/\/progepe.ufpr.br\/portarias\/wp-json\/wp\/v2\/comments?post=165565"}],"version-history":[{"count":1,"href":"https:\/\/progepe.ufpr.br\/portarias\/wp-json\/wp\/v2\/posts\/165565\/revisions"}],"predecessor-version":[{"id":204911,"href":"https:\/\/progepe.ufpr.br\/portarias\/wp-json\/wp\/v2\/posts\/165565\/revisions\/204911"}],"wp:attachment":[{"href":"https:\/\/progepe.ufpr.br\/portarias\/wp-json\/wp\/v2\/media?parent=165565"}],"wp:term":[{"taxonomy":"category","embeddable":true,"href":"https:\/\/progepe.ufpr.br\/portarias\/wp-json\/wp\/v2\/categories?post=165565"},{"taxonomy":"post_tag","embeddable":true,"href":"https:\/\/progepe.ufpr.br\/portarias\/wp-json\/wp\/v2\/tags?post=165565"}],"curies":[{"name":"wp","href":"https:\/\/api.w.org\/{rel}","templated":true}]}}