{"id":165566,"date":"2011-06-03T10:07:00","date_gmt":"2011-06-03T13:07:00","guid":{"rendered":"http:\/\/progepe.ufpr.br\/portarias\/progepe-2011-09554\/"},"modified":"2023-08-03T11:29:33","modified_gmt":"2023-08-03T14:29:33","slug":"progepe-2011-09554","status":"publish","type":"post","link":"https:\/\/progepe.ufpr.br\/portarias\/progepe-2011-09554\/","title":{"rendered":"PORTARIA N\u00ba 09554\/PROGEPE, DE 03 DE JUNHO DE 2011"},"content":{"rendered":"\n<p>A Pr\u00f3-Reitora de Gest\u00e3o de Pessoas da Universidade Federal do Paran\u00e1, no uso de suas atribui\u00e7\u00f5es, tendo em vista a compet\u00eancia que lhe \u00e9 conferida pela Portaria n\u00ba 2.590, de 26 de setembro de 1997 e considerando o que consta no artigo 103 na Lei n\u00ba 8.112\/90 e ainda o contido no processo n\u00ba 078274\/2011-05,<\/p>\n\n\n<p><strong>RESOLVE:<\/strong><\/p>\n\n\n<p>Averbar, a partir de 29 de abril de 2011, para fins de aposentadoria e disponibilidade, o tempo de servi\u00e7o prestado: Lucia Possato Zanotelli, no per\u00edodo de 01.09.1988 a 21.12.1988, no total de 112 (cento e doze) dias; Autonomo, noper\u00edodo de 01.01.1989 a 28.02.1989, no total 59 (cinquenta e nove) dias; Gilson Santos, no per\u00edodo de 01.03.1989 a 30.04.1989, no total de 61 (sessenta e um) dias; Elvina Conda Deboni, no per\u00edodo de 01.07.1989 a 30.11.1990, no total de 518 (quinhentos e dezoito) dias; Elvina Conda Beboni, no per\u00edodo de 01.01.1991 a 31.01.1991, no total de 31 (trinta e um) dias; Elvina Conda Deboni, no per\u00edodo de 01.03.1991 a 31.07.1991, no total de 153 (cento e cinquenta e tres) dias; Elvina Conda Deboni, no per\u00edodo de 01.09.1991 a 06.07.1992, no total de 310 (trezentos e dez) dias; Carlos Olavo Borio, no per\u00edodo de 01.08.1992 a 31.12.1992, no total de 153 (cento e cinquenta e tr\u00eas) dias; Abelardo Luiz Lupion, no per\u00edodo de 01.02.1993 a 16.11.1995, no total de 1.019 (um mil, e dezenove) dias; Fabia Bosco Azevedo, no per\u00edodo de 17.11.1995 a 20.03.1999, no total de 1.220 (um mil, duzentos e vinte) dias; Funda\u00e7\u00e3o da Univrsidade Federal do Parana para o Programa da Ci\u00eancia, Tecnologia e da Cultura, no per\u00edodo de 03.05.1999 a 09.12.2003, no total de 1.682 (um mil, seiscentos e oitenta e dois) dias, em favor da Servidora LEONICE MARIA PASQUALOTTO &#8211; 174807, ocupante do cargo de Auxiliar de Enfermgem, lotada no Hospital de Cl\u00ednicas.<\/p><p><\/p>\n\n\n<div style=\"height:15px\" aria-hidden=\"true\" class=\"wp-block-spacer\"><\/div>\n\n\n<div class=\"wp-block-buttons is-content-justification-right is-layout-flex wp-container-core-buttons-is-layout-1 wp-block-buttons-is-layout-flex\">\n<div class=\"wp-block-button has-custom-font-size is-style-outline has-small-font-size is-style-outline--1\"><a class=\"wp-block-button__link\" href=\"https:\/\/progepe.ufpr.br\/portarias\/wp-content\/uploads\/pcp\/PROGEPE\/2011\/9554PR.pdf\" style=\"border-radius:0px\" target=\"_blank\" rel=\"noreferrer noopener\">Acesse o arquivo da portaria<\/a><\/div><\/div>\n","protected":false},"excerpt":{"rendered":"<p>Averbar, a partir de 29 de abril de 2011, para fins de aposentadoria e disponibilidade, o tempo de servi\u00e7o prestado: Lucia Possato Zanotelli, no per\u00edodo de 01.09.1988 a 21.12.1988, no total de 112 (cento e doze) dias; Autonomo, noper\u00edodo de 01.01.1989 a 28.02.1989, no total 59 (cinquenta e nove) dias; Gilson Santos, no per\u00edodo de 01.03.1989 a 30.04.1989, no total de 61 (sessenta e um) dias; Elvina Conda Deboni, no per\u00edodo de 01.07.1989 a 30.11.1990, no total de 518 (quinhentos e dezoito) dias; Elvina Conda Beboni, no per\u00edodo de 01.01.1991 a 31.01.1991, no total de 31 (trinta e<\/p>\n","protected":false},"author":41,"featured_media":0,"comment_status":"closed","ping_status":"closed","sticky":false,"template":"wp-custom-template-emissao-entre-01-05-2004-ate-30-06-2017","format":"standard","meta":{"_acf_changed":false,"iawp_total_views":1,"footnotes":""},"categories":[116],"tags":[140],"class_list":["post-165566","post","type-post","status-publish","format-standard","hentry","category-progepe","tag-averbacao-desaverbacao"],"acf":[],"_links":{"self":[{"href":"https:\/\/progepe.ufpr.br\/portarias\/wp-json\/wp\/v2\/posts\/165566","targetHints":{"allow":["GET"]}}],"collection":[{"href":"https:\/\/progepe.ufpr.br\/portarias\/wp-json\/wp\/v2\/posts"}],"about":[{"href":"https:\/\/progepe.ufpr.br\/portarias\/wp-json\/wp\/v2\/types\/post"}],"author":[{"embeddable":true,"href":"https:\/\/progepe.ufpr.br\/portarias\/wp-json\/wp\/v2\/users\/41"}],"replies":[{"embeddable":true,"href":"https:\/\/progepe.ufpr.br\/portarias\/wp-json\/wp\/v2\/comments?post=165566"}],"version-history":[{"count":1,"href":"https:\/\/progepe.ufpr.br\/portarias\/wp-json\/wp\/v2\/posts\/165566\/revisions"}],"predecessor-version":[{"id":204912,"href":"https:\/\/progepe.ufpr.br\/portarias\/wp-json\/wp\/v2\/posts\/165566\/revisions\/204912"}],"wp:attachment":[{"href":"https:\/\/progepe.ufpr.br\/portarias\/wp-json\/wp\/v2\/media?parent=165566"}],"wp:term":[{"taxonomy":"category","embeddable":true,"href":"https:\/\/progepe.ufpr.br\/portarias\/wp-json\/wp\/v2\/categories?post=165566"},{"taxonomy":"post_tag","embeddable":true,"href":"https:\/\/progepe.ufpr.br\/portarias\/wp-json\/wp\/v2\/tags?post=165566"}],"curies":[{"name":"wp","href":"https:\/\/api.w.org\/{rel}","templated":true}]}}