{"id":165569,"date":"2011-06-07T10:03:00","date_gmt":"2011-06-07T13:03:00","guid":{"rendered":"http:\/\/progepe.ufpr.br\/portarias\/progepe-2011-09585\/"},"modified":"2023-08-03T11:29:36","modified_gmt":"2023-08-03T14:29:36","slug":"progepe-2011-09585","status":"publish","type":"post","link":"https:\/\/progepe.ufpr.br\/portarias\/progepe-2011-09585\/","title":{"rendered":"PORTARIA N\u00ba 09585\/PROGEPE, DE 07 DE JUNHO DE 2011"},"content":{"rendered":"\n<p>A Pr\u00f3-Reitora de Gest\u00e3o de Pessoas da Universidade Federal do Paran\u00e1, no uso de suas atribui\u00e7\u00f5es, tendo em vista a compet\u00eancia que lhe \u00e9 conferida pela Portaria n\u00ba 2.590, de 26 de setembro de 1997, e considerando o que consta no processo n\u00ba 073243\/2011-50,<\/p>\n\n\n<p><strong>RESOLVE:<\/strong><\/p>\n\n\n<p>Retificar a Portaria n\u00ba 9.480\/PROGEPE, de 30 maio de 2011, referente \u00e0 averba\u00e7\u00e3o de tempo de servi\u00e7o em em favor da Professora CRISTIAN CARLA APARECIDA VOLSKI CASSI &#8211; 189308, classe Assistente, lotada no Departamento de Pr\u00e1tica de Ensino do Setor de Educa\u00e7\u00e3o:.<\/p><p> Onde se L\u00ea:.<\/p><p> a) &#8230; no per\u00edodo de 016.06.1989 a 28.02.1990, &#8230; .<\/p><p> b) &#8230; no per\u00edodo de 03.11.1990 a 31.04.1994, &#8230; .<\/p><p> Leia-se:.<\/p><p> a) &#8230; no per\u00edodo de 01.06.1989 a 28.02.1990, &#8230; .<\/p><p> b) &#8230; no per\u00edodo de 03.12.1990 a 31.01.1994, &#8230; .<\/p><p><\/p>\n\n\n<div style=\"height:15px\" aria-hidden=\"true\" class=\"wp-block-spacer\"><\/div>\n\n\n<div class=\"wp-block-buttons is-content-justification-right is-layout-flex wp-container-core-buttons-is-layout-1 wp-block-buttons-is-layout-flex\">\n<div class=\"wp-block-button has-custom-font-size is-style-outline has-small-font-size is-style-outline--1\"><a class=\"wp-block-button__link\" href=\"https:\/\/progepe.ufpr.br\/portarias\/wp-content\/uploads\/pcp\/PROGEPE\/2011\/9585PR.pdf\" style=\"border-radius:0px\" target=\"_blank\" rel=\"noreferrer noopener\">Acesse o arquivo da portaria<\/a><\/div><\/div>\n","protected":false},"excerpt":{"rendered":"<p>Retificar a Portaria n\u00ba 9.480\/PROGEPE, de 30 maio de 2011, referente \u00e0 averba\u00e7\u00e3o de tempo de servi\u00e7o em em favor da Professora CRISTIAN CARLA APARECIDA VOLSKI CASSI &#8211; 189308, classe Assistente, lotada no Departamento de Pr\u00e1tica de Ensino do Setor de Educa\u00e7\u00e3o:. Onde se L\u00ea:. a) &#8230; no per\u00edodo de 016.06.1989 a 28.02.1990, &#8230; . b) &#8230; no per\u00edodo de 03.11.1990 a 31.04.1994, &#8230; . Leia-se:. a) &#8230; no per\u00edodo de 01.06.1989 a 28.02.1990, &#8230; . b) &#8230; no per\u00edodo de 03.12.1990 a 31.01.1994, &#8230; .  {&#8220;height&#8221;:&#8221;15px&#8221;} <\/p>\n<div style=\"height:15px\" aria-hidden=\"true\" class=\"wp-block-spacer\"> <!-- \/wp:spacer  {\"layout\":{\"type\":\"flex\",\"justifyContent\":\"right\"}} \n\n<div class=\"wp-block-buttons\"><!--\n<\/p>\n","protected":false},"author":41,"featured_media":0,"comment_status":"closed","ping_status":"closed","sticky":false,"template":"wp-custom-template-emissao-entre-01-05-2004-ate-30-06-2017","format":"standard","meta":{"_acf_changed":false,"iawp_total_views":0,"footnotes":""},"categories":[116],"tags":[140],"class_list":["post-165569","post","type-post","status-publish","format-standard","hentry","category-progepe","tag-averbacao-desaverbacao"],"acf":[],"_links":{"self":[{"href":"https:\/\/progepe.ufpr.br\/portarias\/wp-json\/wp\/v2\/posts\/165569","targetHints":{"allow":["GET"]}}],"collection":[{"href":"https:\/\/progepe.ufpr.br\/portarias\/wp-json\/wp\/v2\/posts"}],"about":[{"href":"https:\/\/progepe.ufpr.br\/portarias\/wp-json\/wp\/v2\/types\/post"}],"author":[{"embeddable":true,"href":"https:\/\/progepe.ufpr.br\/portarias\/wp-json\/wp\/v2\/users\/41"}],"replies":[{"embeddable":true,"href":"https:\/\/progepe.ufpr.br\/portarias\/wp-json\/wp\/v2\/comments?post=165569"}],"version-history":[{"count":1,"href":"https:\/\/progepe.ufpr.br\/portarias\/wp-json\/wp\/v2\/posts\/165569\/revisions"}],"predecessor-version":[{"id":204915,"href":"https:\/\/progepe.ufpr.br\/portarias\/wp-json\/wp\/v2\/posts\/165569\/revisions\/204915"}],"wp:attachment":[{"href":"https:\/\/progepe.ufpr.br\/portarias\/wp-json\/wp\/v2\/media?parent=165569"}],"wp:term":[{"taxonomy":"category","embeddable":true,"href":"https:\/\/progepe.ufpr.br\/portarias\/wp-json\/wp\/v2\/categories?post=165569"},{"taxonomy":"post_tag","embeddable":true,"href":"https:\/\/progepe.ufpr.br\/portarias\/wp-json\/wp\/v2\/tags?post=165569"}],"curies":[{"name":"wp","href":"https:\/\/api.w.org\/{rel}","templated":true}]}}