{"id":165577,"date":"2011-06-16T10:12:00","date_gmt":"2011-06-16T13:12:00","guid":{"rendered":"http:\/\/progepe.ufpr.br\/portarias\/progepe-2011-09651\/"},"modified":"2023-08-03T11:29:41","modified_gmt":"2023-08-03T14:29:41","slug":"progepe-2011-09651","status":"publish","type":"post","link":"https:\/\/progepe.ufpr.br\/portarias\/progepe-2011-09651\/","title":{"rendered":"PORTARIA N\u00ba 09651\/PROGEPE, DE 16 DE JUNHO DE 2011"},"content":{"rendered":"\n<p>A Pr\u00f3-Reitora de Gest\u00e3o de Pessoas da Universidade Federal do Paran\u00e1, no uso de suas atribui\u00e7\u00f5es, tendo em vista a compet\u00eancia que lhe \u00e9 conferida pela Portaria n\u00ba 2.590, de 26 de setembro de 1997 e considerando o que consta no processo n\u00ba 069000\/2005-43,<\/p>\n\n\n<p><strong>RESOLVE:<\/strong><\/p>\n\n\n<p>Tendo em vista o trabalho de auditoria realizado pela Controladoria Geral da Uni\u00e3o &#8211; Nota T\u00e9cnica n\u00ba 629\/DP\/SFC\/CGU-PR, de 23 de mar\u00e7o de 2010 e documentos comprobat\u00f3rios emitidos pelo INSS que confirmam a utiliza\u00e7\u00e3o do tempo de servi\u00e7o prestado \u00e0 Irmandade da Santa Casa de Miseric\u00f3rdia de Curitiba, no per\u00edodo de 01.04.1965 a 11.08.1994, retificar a Portaria n\u00ba 9.089\/PRHAE, de 13 de janeiro de 2006, referente \u00e0 averba\u00e7\u00e3o de tempo de servi\u00e7o em favor da servidora IZABEL PFLANZER &#8211; 151726, ocupante do cargo de Auxiliar de Enfermagem, lotada no Hospital de Cl\u00ednicas: Onde se L\u00ea: &#8230; de 01.04.1965 a 03.08.1997, no total de 11.813 (onze mil oitocentos e treze) dias&#8230; .<\/p><p> Leia-se: &#8230; de 12.08.1994 a 03.08.1997, no total de 1.088 (um mil e oitenta e oito) dias&#8230; .<\/p><p><\/p>\n\n\n<div style=\"height:15px\" aria-hidden=\"true\" class=\"wp-block-spacer\"><\/div>\n\n\n<div class=\"wp-block-buttons is-content-justification-right is-layout-flex wp-container-core-buttons-is-layout-1 wp-block-buttons-is-layout-flex\">\n<div class=\"wp-block-button has-custom-font-size is-style-outline has-small-font-size is-style-outline--1\"><a class=\"wp-block-button__link\" href=\"https:\/\/progepe.ufpr.br\/portarias\/wp-content\/uploads\/pcp\/PROGEPE\/2011\/9651PR.pdf\" style=\"border-radius:0px\" target=\"_blank\" rel=\"noreferrer noopener\">Acesse o arquivo da portaria<\/a><\/div><\/div>\n","protected":false},"excerpt":{"rendered":"<p>Tendo em vista o trabalho de auditoria realizado pela Controladoria Geral da Uni\u00e3o &#8211; Nota T\u00e9cnica n\u00ba 629\/DP\/SFC\/CGU-PR, de 23 de mar\u00e7o de 2010 e documentos comprobat\u00f3rios emitidos pelo INSS que confirmam a utiliza\u00e7\u00e3o do tempo de servi\u00e7o prestado \u00e0 Irmandade da Santa Casa de Miseric\u00f3rdia de Curitiba, no per\u00edodo de 01.04.1965 a 11.08.1994, retificar a Portaria n\u00ba 9.089\/PRHAE, de 13 de janeiro de 2006, referente \u00e0 averba\u00e7\u00e3o de tempo de servi\u00e7o em favor da servidora IZABEL PFLANZER &#8211; 151726, ocupante do cargo de Auxiliar de Enfermagem, lotada no Hospital de Cl\u00ednicas: Onde se L\u00ea: &#8230; de 01.04.1965<\/p>\n","protected":false},"author":41,"featured_media":0,"comment_status":"closed","ping_status":"closed","sticky":false,"template":"wp-custom-template-emissao-entre-01-05-2004-ate-30-06-2017","format":"standard","meta":{"_acf_changed":false,"iawp_total_views":1,"footnotes":""},"categories":[116],"tags":[140],"class_list":["post-165577","post","type-post","status-publish","format-standard","hentry","category-progepe","tag-averbacao-desaverbacao"],"acf":[],"_links":{"self":[{"href":"https:\/\/progepe.ufpr.br\/portarias\/wp-json\/wp\/v2\/posts\/165577","targetHints":{"allow":["GET"]}}],"collection":[{"href":"https:\/\/progepe.ufpr.br\/portarias\/wp-json\/wp\/v2\/posts"}],"about":[{"href":"https:\/\/progepe.ufpr.br\/portarias\/wp-json\/wp\/v2\/types\/post"}],"author":[{"embeddable":true,"href":"https:\/\/progepe.ufpr.br\/portarias\/wp-json\/wp\/v2\/users\/41"}],"replies":[{"embeddable":true,"href":"https:\/\/progepe.ufpr.br\/portarias\/wp-json\/wp\/v2\/comments?post=165577"}],"version-history":[{"count":1,"href":"https:\/\/progepe.ufpr.br\/portarias\/wp-json\/wp\/v2\/posts\/165577\/revisions"}],"predecessor-version":[{"id":204923,"href":"https:\/\/progepe.ufpr.br\/portarias\/wp-json\/wp\/v2\/posts\/165577\/revisions\/204923"}],"wp:attachment":[{"href":"https:\/\/progepe.ufpr.br\/portarias\/wp-json\/wp\/v2\/media?parent=165577"}],"wp:term":[{"taxonomy":"category","embeddable":true,"href":"https:\/\/progepe.ufpr.br\/portarias\/wp-json\/wp\/v2\/categories?post=165577"},{"taxonomy":"post_tag","embeddable":true,"href":"https:\/\/progepe.ufpr.br\/portarias\/wp-json\/wp\/v2\/tags?post=165577"}],"curies":[{"name":"wp","href":"https:\/\/api.w.org\/{rel}","templated":true}]}}