{"id":166520,"date":"2011-08-11T10:00:00","date_gmt":"2011-08-11T13:00:00","guid":{"rendered":"http:\/\/progepe.ufpr.br\/portarias\/progepe-2011-10434\/"},"modified":"2024-06-07T15:27:47","modified_gmt":"2024-06-07T18:27:47","slug":"progepe-2011-10434","status":"publish","type":"post","link":"https:\/\/progepe.ufpr.br\/portarias\/progepe-2011-10434\/","title":{"rendered":"PORTARIA N\u00ba 10434\/PROGEPE, DE 11 DE AGOSTO DE 2011"},"content":{"rendered":"\n<p style=\"padding-left:43%\">A Pr\u00f3-Reitora de Gest\u00e3o de Pessoas da Universidade Federal do Paran\u00e1, em exerc\u00edcio, no uso de suas atribui\u00e7\u00f5es, tendo em vista a compet\u00eancia que lhe \u00e9 conferida pela Portaria n\u00ba 2.590, de 26 de setembro de 1997, considerando o que consta no artigo 9\u00ba, inciso II da Lei n\u00ba 8.112\/90 e o contido no processo n\u00ba 092359\/2011-98,<\/p>\n\n\n\n<p style=\"padding-left:43%\"><strong>RESOLVE:<\/strong><\/p>\n\n\n\n<p>I. Designar, a partir de 03 de agosto de 2011, a servidora LEONOR FAGUNDES TRENTINI &#8211; 076546, como substituto eventual da servidora ANELIA BORSUK CZARNY &#8211; 127531, no cargo de confian\u00e7a de Chefe da Se\u00e7\u00e3o de Aquisi\u00e7\u00e3o, FG-04, da Biblioteca Central.<\/p>\n\n\n\n<p>II. Esta Portaria cessa, a partir de 03 de agosto de 2011, os efeitos da <a href=\"https:\/\/progepe.ufpr.br\/portarias\/progepe-2011-08696\/\" data-type=\"post\" data-id=\"166624\">Portaria n\u00ba 8696\/PROGEPE, de 24 de mar\u00e7o de 2011<\/a>.<\/p>\n","protected":false},"excerpt":{"rendered":"<p>I. Designar, a partir de 03 de agosto de 2011, a servidora LEONOR FAGUNDES TRENTINI &#8211; 076546, como substituto eventual da servidora ANELIA BORSUK CZARNY &#8211; 127531, no cargo de confian\u00e7a de Chefe da Se\u00e7\u00e3o de Aquisi\u00e7\u00e3o, FG-04, da Biblioteca Central.  II. Esta Portaria cessa, a partir de 03 de agosto de 2011, os efeitos da <a href=\"https:\/\/progepe.ufpr.br\/portarias\/progepe-2011-08696\/\" data-type=\"post\" data-id=\"166624\">Portaria n\u00ba 8696\/PROGEPE, de 24 de mar\u00e7o de 2011<\/a>.<\/p>\n","protected":false},"author":41,"featured_media":0,"comment_status":"closed","ping_status":"closed","sticky":false,"template":"","format":"standard","meta":{"_acf_changed":false,"iawp_total_views":0,"footnotes":""},"categories":[116],"tags":[120],"class_list":["post-166520","post","type-post","status-publish","format-standard","hentry","category-progepe","tag-funcao"],"acf":[],"_links":{"self":[{"href":"https:\/\/progepe.ufpr.br\/portarias\/wp-json\/wp\/v2\/posts\/166520","targetHints":{"allow":["GET"]}}],"collection":[{"href":"https:\/\/progepe.ufpr.br\/portarias\/wp-json\/wp\/v2\/posts"}],"about":[{"href":"https:\/\/progepe.ufpr.br\/portarias\/wp-json\/wp\/v2\/types\/post"}],"author":[{"embeddable":true,"href":"https:\/\/progepe.ufpr.br\/portarias\/wp-json\/wp\/v2\/users\/41"}],"replies":[{"embeddable":true,"href":"https:\/\/progepe.ufpr.br\/portarias\/wp-json\/wp\/v2\/comments?post=166520"}],"version-history":[{"count":2,"href":"https:\/\/progepe.ufpr.br\/portarias\/wp-json\/wp\/v2\/posts\/166520\/revisions"}],"predecessor-version":[{"id":256199,"href":"https:\/\/progepe.ufpr.br\/portarias\/wp-json\/wp\/v2\/posts\/166520\/revisions\/256199"}],"wp:attachment":[{"href":"https:\/\/progepe.ufpr.br\/portarias\/wp-json\/wp\/v2\/media?parent=166520"}],"wp:term":[{"taxonomy":"category","embeddable":true,"href":"https:\/\/progepe.ufpr.br\/portarias\/wp-json\/wp\/v2\/categories?post=166520"},{"taxonomy":"post_tag","embeddable":true,"href":"https:\/\/progepe.ufpr.br\/portarias\/wp-json\/wp\/v2\/tags?post=166520"}],"curies":[{"name":"wp","href":"https:\/\/api.w.org\/{rel}","templated":true}]}}