{"id":166624,"date":"2011-03-24T10:27:00","date_gmt":"2011-03-24T13:27:00","guid":{"rendered":"http:\/\/progepe.ufpr.br\/portarias\/progepe-2011-08696\/"},"modified":"2024-04-29T14:55:47","modified_gmt":"2024-04-29T17:55:47","slug":"progepe-2011-08696","status":"publish","type":"post","link":"https:\/\/progepe.ufpr.br\/portarias\/progepe-2011-08696\/","title":{"rendered":"PORTARIA N\u00ba 08696\/PROGEPE, DE 24 DE MAR\u00c7O DE 2011"},"content":{"rendered":"\n<p style=\"padding-left:43%\">A Pr\u00f3-Reitora de Gest\u00e3o de Pessoas da Universidade Federal do Paran\u00e1, no uso de suas atribui\u00e7\u00f5es, tendo em vista a compet\u00eancia que lhe \u00e9 conferida pela Portaria n\u00ba 2.590, de 26 de setembro de 1997, considerando o que consta no artigo 9\u00ba, inciso II da Lei n\u00ba 8.112\/90 e o contido no processo n\u00ba 067216\/2011-48,<\/p>\n\n\n\n<p style=\"padding-left:43%\"><strong>RESOLVE:<\/strong><\/p>\n\n\n\n<p>I. Designar, a partir de 25 de fevereiro de 2011, a servidora ROSANE DAL LIN MESTRINHO GAMBA &#8211; 103802, como substituto eventual da servidora AN\u00c9LIA BORSUK CZARNY &#8211; 127531, no cargo de confian\u00e7a de Chefe da Se\u00e7\u00e3o de Aquisi\u00e7\u00e3o, FG-04, da Biblioteca Central.<\/p>\n","protected":false},"excerpt":{"rendered":"<p>I. Designar, a partir de 25 de fevereiro de 2011, a servidora ROSANE DAL LIN MESTRINHO GAMBA &#8211; 103802, como substituto eventual da servidora AN\u00c9LIA BORSUK CZARNY &#8211; 127531, no cargo de confian\u00e7a de Chefe da Se\u00e7\u00e3o de Aquisi\u00e7\u00e3o, FG-04, da Biblioteca Central.<\/p>\n","protected":false},"author":41,"featured_media":0,"comment_status":"closed","ping_status":"closed","sticky":false,"template":"","format":"standard","meta":{"_acf_changed":false,"iawp_total_views":0,"footnotes":""},"categories":[116],"tags":[120],"class_list":["post-166624","post","type-post","status-publish","format-standard","hentry","category-progepe","tag-funcao"],"acf":[],"_links":{"self":[{"href":"https:\/\/progepe.ufpr.br\/portarias\/wp-json\/wp\/v2\/posts\/166624","targetHints":{"allow":["GET"]}}],"collection":[{"href":"https:\/\/progepe.ufpr.br\/portarias\/wp-json\/wp\/v2\/posts"}],"about":[{"href":"https:\/\/progepe.ufpr.br\/portarias\/wp-json\/wp\/v2\/types\/post"}],"author":[{"embeddable":true,"href":"https:\/\/progepe.ufpr.br\/portarias\/wp-json\/wp\/v2\/users\/41"}],"replies":[{"embeddable":true,"href":"https:\/\/progepe.ufpr.br\/portarias\/wp-json\/wp\/v2\/comments?post=166624"}],"version-history":[{"count":4,"href":"https:\/\/progepe.ufpr.br\/portarias\/wp-json\/wp\/v2\/posts\/166624\/revisions"}],"predecessor-version":[{"id":255650,"href":"https:\/\/progepe.ufpr.br\/portarias\/wp-json\/wp\/v2\/posts\/166624\/revisions\/255650"}],"wp:attachment":[{"href":"https:\/\/progepe.ufpr.br\/portarias\/wp-json\/wp\/v2\/media?parent=166624"}],"wp:term":[{"taxonomy":"category","embeddable":true,"href":"https:\/\/progepe.ufpr.br\/portarias\/wp-json\/wp\/v2\/categories?post=166624"},{"taxonomy":"post_tag","embeddable":true,"href":"https:\/\/progepe.ufpr.br\/portarias\/wp-json\/wp\/v2\/tags?post=166624"}],"curies":[{"name":"wp","href":"https:\/\/api.w.org\/{rel}","templated":true}]}}