{"id":166879,"date":"2011-08-31T10:26:00","date_gmt":"2011-08-31T13:26:00","guid":{"rendered":"http:\/\/progepe.ufpr.br\/portarias\/progepe-2011-10739\/"},"modified":"2023-08-03T11:31:22","modified_gmt":"2023-08-03T14:31:22","slug":"progepe-2011-10739","status":"publish","type":"post","link":"https:\/\/progepe.ufpr.br\/portarias\/progepe-2011-10739\/","title":{"rendered":"PORTARIA N\u00ba 10739\/PROGEPE, DE 31 DE AGOSTO DE 2011"},"content":{"rendered":"\n<p>A Pr\u00f3-Reitora de Gest\u00e3o de Pessoas da Universidade Federal do Paran\u00e1, no uso de suas atribui\u00e7\u00f5es, tendo em vista a compet\u00eancia que lhe \u00e9 conferida pela Portaria n\u00ba 2.590, de 26 de setembro de 1997, de acordo com os Artigos 11 e 12 da Lei n\u00ba 11.091\/05; os Anexos II e III do Decreto n\u00ba 5.824\/06 e o Anexo XV da Lei n\u00ba 11.784\/08; e, o que consta no processo n\u00ba 085201\/2011-61,<\/p>\n\n\n<p><strong>RESOLVE:<\/strong><\/p>\n\n\n<p>Conceder o Incentivo \u00e0 Qualifica\u00e7\u00e3o no percentual de 10  (dez por cento), a partir de 07 de junho de 2011, \u00e0 servidora LUCIMARA ANTUNES \u2013 108405, ocupante do cargo de Assistente em Administra\u00e7\u00e3o, lotada na Coordena\u00e7\u00e3o do Curso de P\u00f3s- Gradua\u00e7\u00e3o em Agronomia \u2013 Produ\u00e7\u00e3o Vegetal do Setor de Ci\u00eancias Agr\u00e1rias, tendo em vista ter apresentado Certid\u00e3o de conclus\u00e3o do curso Superior de Tecnologia em Gest\u00e3o P\u00fablica, emitida pelo Instituto Federal do Paran\u00e1.<\/p><p><\/p>\n\n\n<div style=\"height:15px\" aria-hidden=\"true\" class=\"wp-block-spacer\"><\/div>\n\n\n<div class=\"wp-block-buttons is-content-justification-right is-layout-flex wp-container-core-buttons-is-layout-1 wp-block-buttons-is-layout-flex\">\n<div class=\"wp-block-button has-custom-font-size is-style-outline has-small-font-size is-style-outline--1\"><a class=\"wp-block-button__link\" href=\"https:\/\/progepe.ufpr.br\/portarias\/wp-content\/uploads\/pcp\/PROGEPE\/2011\/10739PR.pdf\" style=\"border-radius:0px\" target=\"_blank\" rel=\"noreferrer noopener\">Acesse o arquivo da portaria<\/a><\/div><\/div>\n","protected":false},"excerpt":{"rendered":"<p>Conceder o Incentivo \u00e0 Qualifica\u00e7\u00e3o no percentual de 10 (dez por cento), a partir de 07 de junho de 2011, \u00e0 servidora LUCIMARA ANTUNES \u2013 108405, ocupante do cargo de Assistente em Administra\u00e7\u00e3o, lotada na Coordena\u00e7\u00e3o do Curso de P\u00f3s- Gradua\u00e7\u00e3o em Agronomia \u2013 Produ\u00e7\u00e3o Vegetal do Setor de Ci\u00eancias Agr\u00e1rias, tendo em vista ter apresentado Certid\u00e3o de conclus\u00e3o do curso Superior de Tecnologia em Gest\u00e3o P\u00fablica, emitida pelo Instituto Federal do Paran\u00e1.  {&#8220;height&#8221;:&#8221;15px&#8221;} <\/p>\n<div style=\"height:15px\" aria-hidden=\"true\" class=\"wp-block-spacer\"> <!-- \/wp:spacer  {\"layout\":{\"type\":\"flex\",\"justifyContent\":\"right\"}} \n\n<div class=\"wp-block-buttons\"><!-- wp:button {\"style\":{\"border\":{\"radius\":\"0px\"}},\"className\":\"is-style-outline\",\"fontSize\":\"small\"} \n\n<div class=\"wp-block-button has-custom-font-size is-style-outline has-small-font-size\"><a class=\"wp-block-button__link\" href=\"https:\/\/progepe.ufpr.br\/portarias\/wp-content\/uploads\/pcp\/PROGEPE\/2011\/10739PR.pdf\" style=\"border-radius:0px\" target=\"_blank\" rel=\n<\/p>\n","protected":false},"author":41,"featured_media":0,"comment_status":"closed","ping_status":"closed","sticky":false,"template":"wp-custom-template-emissao-entre-01-05-2004-ate-30-06-2017","format":"standard","meta":{"_acf_changed":false,"iawp_total_views":0,"footnotes":""},"categories":[116],"tags":[142],"class_list":["post-166879","post","type-post","status-publish","format-standard","hentry","category-progepe","tag-incentivo-qualificacao"],"acf":[],"_links":{"self":[{"href":"https:\/\/progepe.ufpr.br\/portarias\/wp-json\/wp\/v2\/posts\/166879","targetHints":{"allow":["GET"]}}],"collection":[{"href":"https:\/\/progepe.ufpr.br\/portarias\/wp-json\/wp\/v2\/posts"}],"about":[{"href":"https:\/\/progepe.ufpr.br\/portarias\/wp-json\/wp\/v2\/types\/post"}],"author":[{"embeddable":true,"href":"https:\/\/progepe.ufpr.br\/portarias\/wp-json\/wp\/v2\/users\/41"}],"replies":[{"embeddable":true,"href":"https:\/\/progepe.ufpr.br\/portarias\/wp-json\/wp\/v2\/comments?post=166879"}],"version-history":[{"count":1,"href":"https:\/\/progepe.ufpr.br\/portarias\/wp-json\/wp\/v2\/posts\/166879\/revisions"}],"predecessor-version":[{"id":206225,"href":"https:\/\/progepe.ufpr.br\/portarias\/wp-json\/wp\/v2\/posts\/166879\/revisions\/206225"}],"wp:attachment":[{"href":"https:\/\/progepe.ufpr.br\/portarias\/wp-json\/wp\/v2\/media?parent=166879"}],"wp:term":[{"taxonomy":"category","embeddable":true,"href":"https:\/\/progepe.ufpr.br\/portarias\/wp-json\/wp\/v2\/categories?post=166879"},{"taxonomy":"post_tag","embeddable":true,"href":"https:\/\/progepe.ufpr.br\/portarias\/wp-json\/wp\/v2\/tags?post=166879"}],"curies":[{"name":"wp","href":"https:\/\/api.w.org\/{rel}","templated":true}]}}