{"id":167480,"date":"2011-10-05T10:01:00","date_gmt":"2011-10-05T13:01:00","guid":{"rendered":"http:\/\/progepe.ufpr.br\/portarias\/progepe-2011-11068\/"},"modified":"2024-10-15T15:36:45","modified_gmt":"2024-10-15T18:36:45","slug":"progepe-2011-11068","status":"publish","type":"post","link":"https:\/\/progepe.ufpr.br\/portarias\/progepe-2011-11068\/","title":{"rendered":"PORTARIA N\u00ba 11068\/PROGEPE, DE 05 DE OUTUBRO DE 2011"},"content":{"rendered":"\n<p style=\"padding-left:43%\">A Pr\u00f3-Reitora de Gest\u00e3o de Pessoas da Universidade Federal do Paran\u00e1, no uso de suas atribui\u00e7\u00f5es, tendo em vista a compet\u00eancia que lhe \u00e9 conferida pela Portaria n\u00ba 2.590, de 26 de setembro de 1997, e considerando o que consta no processo n\u00ba 097569\/2011-72,<\/p>\n\n\n\n<p style=\"padding-left:43%\"><strong>RESOLVE:<\/strong><\/p>\n\n\n\n<p>Retificar a <a href=\"https:\/\/progepe.ufpr.br\/portarias\/progepe-2011-10951\/\" data-type=\"post\" data-id=\"167465\">Portaria n\u00ba 10.951\/PROGEPE, de 26 de setembro de 2011<\/a>, publicada no Di\u00e1rio Oficial da Uni\u00e3o n\u00ba 188, de 29 de setembro de 2011, p\u00e1g. 29, referente \u00e0 nomea\u00e7\u00e3o em car\u00e1ter efetivo ADRIANE MARIA RODRIGUES, para o cargo de M\u00e9dico &#8211; \u00c1rea:<\/p>\n\n\n\n<p style=\"padding-left:var(--wp--preset--spacing--40)\">Onde se l\u00ea: &#8230; no c\u00f3digo de vaga n\u00ba 730917.<br>Leia-se: &#8230; no c\u00f3digo de vaga n\u00ba 266372.<\/p>\n","protected":false},"excerpt":{"rendered":"<p>Retificar a <a href=\"https:\/\/progepe.ufpr.br\/portarias\/progepe-2011-10951\/\" data-type=\"post\" data-id=\"167465\">Portaria n\u00ba 10.951\/PROGEPE, de 26 de setembro de 2011<\/a>, publicada no Di\u00e1rio Oficial da Uni\u00e3o n\u00ba 188, de 29 de setembro de 2011, p\u00e1g. 29, referente \u00e0 nomea\u00e7\u00e3o em car\u00e1ter efetivo ADRIANE MARIA RODRIGUES, para o cargo de M\u00e9dico &#8211; \u00c1rea:  <!-- wp:paragraph {\"style\":{\"spacing\":{\"padding\":{\"left\":\"var:preset|spacing|40\"}}}} \n\n<p style=\"padding-left:var(--wp--preset--spacing--40)\">Onde se l\u00ea: ... no c\u00f3digo de vaga n\u00ba 730917.<br \/>Leia-se: ... no c\u00f3digo de vaga n\u00ba 266372.\n<\/p>\n","protected":false},"author":41,"featured_media":0,"comment_status":"closed","ping_status":"closed","sticky":false,"template":"","format":"standard","meta":{"_acf_changed":false,"iawp_total_views":0,"footnotes":""},"categories":[116],"tags":[121],"class_list":["post-167480","post","type-post","status-publish","format-standard","hentry","category-progepe","tag-nomeacao"],"acf":[],"_links":{"self":[{"href":"https:\/\/progepe.ufpr.br\/portarias\/wp-json\/wp\/v2\/posts\/167480","targetHints":{"allow":["GET"]}}],"collection":[{"href":"https:\/\/progepe.ufpr.br\/portarias\/wp-json\/wp\/v2\/posts"}],"about":[{"href":"https:\/\/progepe.ufpr.br\/portarias\/wp-json\/wp\/v2\/types\/post"}],"author":[{"embeddable":true,"href":"https:\/\/progepe.ufpr.br\/portarias\/wp-json\/wp\/v2\/users\/41"}],"replies":[{"embeddable":true,"href":"https:\/\/progepe.ufpr.br\/portarias\/wp-json\/wp\/v2\/comments?post=167480"}],"version-history":[{"count":2,"href":"https:\/\/progepe.ufpr.br\/portarias\/wp-json\/wp\/v2\/posts\/167480\/revisions"}],"predecessor-version":[{"id":257873,"href":"https:\/\/progepe.ufpr.br\/portarias\/wp-json\/wp\/v2\/posts\/167480\/revisions\/257873"}],"wp:attachment":[{"href":"https:\/\/progepe.ufpr.br\/portarias\/wp-json\/wp\/v2\/media?parent=167480"}],"wp:term":[{"taxonomy":"category","embeddable":true,"href":"https:\/\/progepe.ufpr.br\/portarias\/wp-json\/wp\/v2\/categories?post=167480"},{"taxonomy":"post_tag","embeddable":true,"href":"https:\/\/progepe.ufpr.br\/portarias\/wp-json\/wp\/v2\/tags?post=167480"}],"curies":[{"name":"wp","href":"https:\/\/api.w.org\/{rel}","templated":true}]}}