{"id":167484,"date":"2011-10-06T10:03:00","date_gmt":"2011-10-06T13:03:00","guid":{"rendered":"http:\/\/progepe.ufpr.br\/portarias\/progepe-2011-11072\/"},"modified":"2023-08-03T11:31:52","modified_gmt":"2023-08-03T14:31:52","slug":"progepe-2011-11072","status":"publish","type":"post","link":"https:\/\/progepe.ufpr.br\/portarias\/progepe-2011-11072\/","title":{"rendered":"PORTARIA N\u00ba 11072\/PROGEPE, DE 06 DE OUTUBRO DE 2011"},"content":{"rendered":"\n<p>A Pr\u00f3-Reitora de Gest\u00e3o de Pessoas da Universidade Federal do Paran\u00e1, no uso de suas atribui\u00e7\u00f5es, tendo em vista a compet\u00eancia que lhe \u00e9 conferida pela Portaria n\u00ba 2.590, de 26 de setembro de 1997 e considerando o que consta no processo n\u00ba 097997\/2011-03,<\/p>\n\n\n<p><strong>RESOLVE:<\/strong><\/p>\n\n\n<p>Retificar a Portaria n\u00ba 11012\/PROGEPE, de 03 de outubro de 2011, publicada em DOU de 05.10.11, se\u00e7\u00e3o II, p\u00e1g., 22, referente \u00e0 nomea\u00e7\u00e3o em car\u00e1ter efetivo, de GISELE DE OLIVEIRA GUAITA, cargo de Auxiliar de Laborat\u00f3rio, na vaga de c\u00f3digo n\u00ba 265476: Onde se L\u00ea: &#8230;,considerando o que consta no artigo 9\u00ba, inciso I da Lei n\u00ba 8.112\/90; Decreto n\u00ba 7232, de 19 de julho de 2010, publicado no DOU de 20.07.2010,&#8230;<\/p><p> Leia-se:&#8230;, considerando o que consta no artigo 9\u00ba, inciso I da Lei n\u00ba 8.112\/90; Autoriza\u00e7\u00e3o do Minist\u00e9rio da Educa\u00e7\u00e3o, Portaria n\u00ba 1353 de 01.12.10, publicada no DOU de 02.12.10, retificada pela Portaria n\u00ba 1393 de 10.12.10, publicada no DOU de 13.12.2010 e Decreto n\u00ba 7232, de 19 de julho de 2010, publicado no DOU de 20.07.2010,&#8230;<\/p><p><\/p>\n\n\n<div style=\"height:15px\" aria-hidden=\"true\" class=\"wp-block-spacer\"><\/div>\n\n\n<div class=\"wp-block-buttons is-content-justification-right is-layout-flex wp-container-core-buttons-is-layout-1 wp-block-buttons-is-layout-flex\">\n<div class=\"wp-block-button has-custom-font-size is-style-outline has-small-font-size is-style-outline--1\"><a class=\"wp-block-button__link\" href=\"https:\/\/progepe.ufpr.br\/portarias\/wp-content\/uploads\/pcp\/PROGEPE\/2011\/11072PR.pdf\" style=\"border-radius:0px\" target=\"_blank\" rel=\"noreferrer noopener\">Acesse o arquivo da portaria<\/a><\/div><\/div>\n","protected":false},"excerpt":{"rendered":"<p>Retificar a Portaria n\u00ba 11012\/PROGEPE, de 03 de outubro de 2011, publicada em DOU de 05.10.11, se\u00e7\u00e3o II, p\u00e1g., 22, referente \u00e0 nomea\u00e7\u00e3o em car\u00e1ter efetivo, de GISELE DE OLIVEIRA GUAITA, cargo de Auxiliar de Laborat\u00f3rio, na vaga de c\u00f3digo n\u00ba 265476: Onde se L\u00ea: &#8230;,considerando o que consta no artigo 9\u00ba, inciso I da Lei n\u00ba 8.112\/90; Decreto n\u00ba 7232, de 19 de julho de 2010, publicado no DOU de 20.07.2010,&#8230; Leia-se:&#8230;, considerando o que consta no artigo 9\u00ba, inciso I da Lei n\u00ba 8.112\/90; Autoriza\u00e7\u00e3o do Minist\u00e9rio da Educa\u00e7\u00e3o, Portaria n\u00ba 1353 de 01.12.10, publicada no<\/p>\n","protected":false},"author":41,"featured_media":0,"comment_status":"closed","ping_status":"closed","sticky":false,"template":"wp-custom-template-emissao-entre-01-05-2004-ate-30-06-2017","format":"standard","meta":{"_acf_changed":false,"iawp_total_views":0,"footnotes":""},"categories":[116],"tags":[121],"class_list":["post-167484","post","type-post","status-publish","format-standard","hentry","category-progepe","tag-nomeacao"],"acf":[],"_links":{"self":[{"href":"https:\/\/progepe.ufpr.br\/portarias\/wp-json\/wp\/v2\/posts\/167484","targetHints":{"allow":["GET"]}}],"collection":[{"href":"https:\/\/progepe.ufpr.br\/portarias\/wp-json\/wp\/v2\/posts"}],"about":[{"href":"https:\/\/progepe.ufpr.br\/portarias\/wp-json\/wp\/v2\/types\/post"}],"author":[{"embeddable":true,"href":"https:\/\/progepe.ufpr.br\/portarias\/wp-json\/wp\/v2\/users\/41"}],"replies":[{"embeddable":true,"href":"https:\/\/progepe.ufpr.br\/portarias\/wp-json\/wp\/v2\/comments?post=167484"}],"version-history":[{"count":1,"href":"https:\/\/progepe.ufpr.br\/portarias\/wp-json\/wp\/v2\/posts\/167484\/revisions"}],"predecessor-version":[{"id":206830,"href":"https:\/\/progepe.ufpr.br\/portarias\/wp-json\/wp\/v2\/posts\/167484\/revisions\/206830"}],"wp:attachment":[{"href":"https:\/\/progepe.ufpr.br\/portarias\/wp-json\/wp\/v2\/media?parent=167484"}],"wp:term":[{"taxonomy":"category","embeddable":true,"href":"https:\/\/progepe.ufpr.br\/portarias\/wp-json\/wp\/v2\/categories?post=167484"},{"taxonomy":"post_tag","embeddable":true,"href":"https:\/\/progepe.ufpr.br\/portarias\/wp-json\/wp\/v2\/tags?post=167484"}],"curies":[{"name":"wp","href":"https:\/\/api.w.org\/{rel}","templated":true}]}}