{"id":167485,"date":"2011-10-06T10:04:00","date_gmt":"2011-10-06T13:04:00","guid":{"rendered":"http:\/\/progepe.ufpr.br\/portarias\/progepe-2011-11073\/"},"modified":"2023-08-03T11:31:52","modified_gmt":"2023-08-03T14:31:52","slug":"progepe-2011-11073","status":"publish","type":"post","link":"https:\/\/progepe.ufpr.br\/portarias\/progepe-2011-11073\/","title":{"rendered":"PORTARIA N\u00ba 11073\/PROGEPE, DE 06 DE OUTUBRO DE 2011"},"content":{"rendered":"\n<p>A Pr\u00f3-Reitora de Gest\u00e3o de Pessoas da Universidade Federal do Paran\u00e1, no uso de suas atribui\u00e7\u00f5es, tendo em vista a compet\u00eancia que lhe \u00e9 conferida pela Portaria n\u00ba 2.590, de 26 de setembro de 1997 e considerando o que consta no processo n\u00ba 099168\/2011-57,<\/p>\n\n\n<p><strong>RESOLVE:<\/strong><\/p>\n\n\n<p>Retificar a Portaria n\u00ba 11014\/PROGEPE, de 03 de outubro de 2011, publicada em DOU de 05.10.11, se\u00e7\u00e3o II, p\u00e1g., 22, referente \u00e0 nomea\u00e7\u00e3o em car\u00e1ter efetivo, de ELENA EMILIA MOREIRA KIEUTEKA, cargo de Nutricionista, na vaga de c\u00f3digo n\u00ba 294570: Onde se L\u00ea: &#8230;,considerando o que consta no artigo 9\u00ba, inciso I da Lei n\u00ba 8.112\/90; Decreto n\u00ba 7232, de 19 de julho de 2010, publicado no DOU de 20.07.2010,&#8230;<\/p><p> Leia-se:&#8230;, considerando o que consta o artigo 9\u00ba, inciso I da Lei n\u00ba 8.112\/90; Autoriza\u00e7\u00e3o do Minist\u00e9rio da Educa\u00e7\u00e3o, Portaria n\u00ba 273 de 05.08.11, publicada no DOU de 08.08.11,&#8230;<\/p><p><\/p>\n\n\n<div style=\"height:15px\" aria-hidden=\"true\" class=\"wp-block-spacer\"><\/div>\n\n\n<div class=\"wp-block-buttons is-content-justification-right is-layout-flex wp-container-core-buttons-is-layout-1 wp-block-buttons-is-layout-flex\">\n<div class=\"wp-block-button has-custom-font-size is-style-outline has-small-font-size is-style-outline--1\"><a class=\"wp-block-button__link\" href=\"https:\/\/progepe.ufpr.br\/portarias\/wp-content\/uploads\/pcp\/PROGEPE\/2011\/11073PR.pdf\" style=\"border-radius:0px\" target=\"_blank\" rel=\"noreferrer noopener\">Acesse o arquivo da portaria<\/a><\/div><\/div>\n","protected":false},"excerpt":{"rendered":"<p>Retificar a Portaria n\u00ba 11014\/PROGEPE, de 03 de outubro de 2011, publicada em DOU de 05.10.11, se\u00e7\u00e3o II, p\u00e1g., 22, referente \u00e0 nomea\u00e7\u00e3o em car\u00e1ter efetivo, de ELENA EMILIA MOREIRA KIEUTEKA, cargo de Nutricionista, na vaga de c\u00f3digo n\u00ba 294570: Onde se L\u00ea: &#8230;,considerando o que consta no artigo 9\u00ba, inciso I da Lei n\u00ba 8.112\/90; Decreto n\u00ba 7232, de 19 de julho de 2010, publicado no DOU de 20.07.2010,&#8230; Leia-se:&#8230;, considerando o que consta o artigo 9\u00ba, inciso I da Lei n\u00ba 8.112\/90; Autoriza\u00e7\u00e3o do Minist\u00e9rio da Educa\u00e7\u00e3o, Portaria n\u00ba 273 de 05.08.11, publicada no DOU de<\/p>\n","protected":false},"author":41,"featured_media":0,"comment_status":"closed","ping_status":"closed","sticky":false,"template":"wp-custom-template-emissao-entre-01-05-2004-ate-30-06-2017","format":"standard","meta":{"_acf_changed":false,"iawp_total_views":2,"footnotes":""},"categories":[116],"tags":[121],"class_list":["post-167485","post","type-post","status-publish","format-standard","hentry","category-progepe","tag-nomeacao"],"acf":[],"_links":{"self":[{"href":"https:\/\/progepe.ufpr.br\/portarias\/wp-json\/wp\/v2\/posts\/167485","targetHints":{"allow":["GET"]}}],"collection":[{"href":"https:\/\/progepe.ufpr.br\/portarias\/wp-json\/wp\/v2\/posts"}],"about":[{"href":"https:\/\/progepe.ufpr.br\/portarias\/wp-json\/wp\/v2\/types\/post"}],"author":[{"embeddable":true,"href":"https:\/\/progepe.ufpr.br\/portarias\/wp-json\/wp\/v2\/users\/41"}],"replies":[{"embeddable":true,"href":"https:\/\/progepe.ufpr.br\/portarias\/wp-json\/wp\/v2\/comments?post=167485"}],"version-history":[{"count":1,"href":"https:\/\/progepe.ufpr.br\/portarias\/wp-json\/wp\/v2\/posts\/167485\/revisions"}],"predecessor-version":[{"id":206831,"href":"https:\/\/progepe.ufpr.br\/portarias\/wp-json\/wp\/v2\/posts\/167485\/revisions\/206831"}],"wp:attachment":[{"href":"https:\/\/progepe.ufpr.br\/portarias\/wp-json\/wp\/v2\/media?parent=167485"}],"wp:term":[{"taxonomy":"category","embeddable":true,"href":"https:\/\/progepe.ufpr.br\/portarias\/wp-json\/wp\/v2\/categories?post=167485"},{"taxonomy":"post_tag","embeddable":true,"href":"https:\/\/progepe.ufpr.br\/portarias\/wp-json\/wp\/v2\/tags?post=167485"}],"curies":[{"name":"wp","href":"https:\/\/api.w.org\/{rel}","templated":true}]}}