{"id":167556,"date":"2011-10-27T10:42:00","date_gmt":"2011-10-27T12:42:00","guid":{"rendered":"http:\/\/progepe.ufpr.br\/portarias\/progepe-2011-11533\/"},"modified":"2024-08-13T08:04:22","modified_gmt":"2024-08-13T11:04:22","slug":"progepe-2011-11533","status":"publish","type":"post","link":"https:\/\/progepe.ufpr.br\/portarias\/progepe-2011-11533\/","title":{"rendered":"PORTARIA N\u00ba 11533\/PROGEPE, DE 27 DE OUTUBRO DE 2011"},"content":{"rendered":"\n<p style=\"padding-left:43%\">A Pr\u00f3-Reitora de Gest\u00e3o de Pessoas da Universidade Federal do Paran\u00e1, no uso de suas atribui\u00e7\u00f5es, tendo em vista a compet\u00eancia que lhe \u00e9 conferida pela Portaria n\u00ba 2.590, de 26 de setembro de 1997 e considerando o que consta no processo n\u00ba 099418\/2011-59,<\/p>\n\n\n\n<p style=\"padding-left:43%\"><strong>RESOLVE:<\/strong><\/p>\n\n\n\n<p>Retificar a <a href=\"https:\/\/progepe.ufpr.br\/portarias\/progepe-2011-11172\/\" data-type=\"post\" data-id=\"167516\">Portaria n\u00ba 11172\/PROGEPE, de 13 de outubro de 2011<\/a>, publicada em DOU de 17.10.11, se\u00e7\u00e3o II, p\u00e1g. 27, referente \u00e0 nomea\u00e7\u00e3o em car\u00e1ter efetivo PRICILA PAVEUKIEWICZ, para o cargo de Psic\u00f3logo &#8211; \u00c1rea, na vaga de c\u00f3digo n\u00ba 481581:<\/p>\n\n\n\n<p style=\"padding-left:var(--wp--preset--spacing--30)\">Onde se l\u00ea: &#8230; PRISCILA PAVEUKIEWICZ, &#8230; .<br>Leia-se: &#8230; PRICILA PAVEUKIEWICZ, &#8230; .<\/p>\n","protected":false},"excerpt":{"rendered":"<p>Retificar a <a href=\"https:\/\/progepe.ufpr.br\/portarias\/progepe-2011-11172\/\" data-type=\"post\" data-id=\"167516\">Portaria n\u00ba 11172\/PROGEPE, de 13 de outubro de 2011<\/a>, publicada em DOU de 17.10.11, se\u00e7\u00e3o II, p\u00e1g. 27, referente \u00e0 nomea\u00e7\u00e3o em car\u00e1ter efetivo PRICILA PAVEUKIEWICZ, para o cargo de Psic\u00f3logo &#8211; \u00c1rea, na vaga de c\u00f3digo n\u00ba 481581:  <!-- wp:paragraph {\"style\":{\"spacing\":{\"padding\":{\"left\":\"var:preset|spacing|30\"}}}} \n\n<p style=\"padding-left:var(--wp--preset--spacing--30)\">Onde se l\u00ea: ... PRISCILA PAVEUKIEWICZ, ... .<br \/>Leia-se: ... PRICILA PAVEUKIEWICZ, ... .\n<\/p>\n","protected":false},"author":41,"featured_media":0,"comment_status":"closed","ping_status":"closed","sticky":false,"template":"","format":"standard","meta":{"_acf_changed":false,"iawp_total_views":0,"footnotes":""},"categories":[116],"tags":[121],"class_list":["post-167556","post","type-post","status-publish","format-standard","hentry","category-progepe","tag-nomeacao"],"acf":[],"_links":{"self":[{"href":"https:\/\/progepe.ufpr.br\/portarias\/wp-json\/wp\/v2\/posts\/167556","targetHints":{"allow":["GET"]}}],"collection":[{"href":"https:\/\/progepe.ufpr.br\/portarias\/wp-json\/wp\/v2\/posts"}],"about":[{"href":"https:\/\/progepe.ufpr.br\/portarias\/wp-json\/wp\/v2\/types\/post"}],"author":[{"embeddable":true,"href":"https:\/\/progepe.ufpr.br\/portarias\/wp-json\/wp\/v2\/users\/41"}],"replies":[{"embeddable":true,"href":"https:\/\/progepe.ufpr.br\/portarias\/wp-json\/wp\/v2\/comments?post=167556"}],"version-history":[{"count":3,"href":"https:\/\/progepe.ufpr.br\/portarias\/wp-json\/wp\/v2\/posts\/167556\/revisions"}],"predecessor-version":[{"id":257014,"href":"https:\/\/progepe.ufpr.br\/portarias\/wp-json\/wp\/v2\/posts\/167556\/revisions\/257014"}],"wp:attachment":[{"href":"https:\/\/progepe.ufpr.br\/portarias\/wp-json\/wp\/v2\/media?parent=167556"}],"wp:term":[{"taxonomy":"category","embeddable":true,"href":"https:\/\/progepe.ufpr.br\/portarias\/wp-json\/wp\/v2\/categories?post=167556"},{"taxonomy":"post_tag","embeddable":true,"href":"https:\/\/progepe.ufpr.br\/portarias\/wp-json\/wp\/v2\/tags?post=167556"}],"curies":[{"name":"wp","href":"https:\/\/api.w.org\/{rel}","templated":true}]}}