{"id":167571,"date":"2011-11-22T10:00:00","date_gmt":"2011-11-22T12:00:00","guid":{"rendered":"http:\/\/progepe.ufpr.br\/portarias\/progepe-2011-11885\/"},"modified":"2023-07-31T17:24:05","modified_gmt":"2023-07-31T20:24:05","slug":"progepe-2011-11885","status":"publish","type":"post","link":"https:\/\/progepe.ufpr.br\/portarias\/progepe-2011-11885\/","title":{"rendered":"PORTARIA N\u00ba 11885\/PROGEPE, DE 22 DE NOVEMBRO DE 2011"},"content":{"rendered":"\n<p>A Pr\u00f3-Reitora de Gest\u00e3o de Pessoas da Universidade Federal do Paran\u00e1, no uso de suas atribui\u00e7\u00f5es, tendo em vista a compet\u00eancia que lhe \u00e9 conferida pela Portaria n\u00ba 2.590, de 26 de setembro de 1997, o que consta no artigo 9\u00ba, inciso I da Lei n\u00ba 8.112\/90 e de acordo com a Portaria Interministerial MP\/MEC n\u00ba 22 de 30\/04\/07 publicada no DOU de 02\/05\/07, retificada pela Portaria Normativa Interministerial MP\/MEC n\u00ba 224 de 23\/07\/07 publicada no DOU de 24\/07\/07, retificada pela Portaria Normativa Interministerial MP\/MEC n\u00ba 08 de 26\/08\/08 publicada no DOU de 27\/08\/08 e Nota T\u00e9cnica 01\/07 &#8211; DEDES\/SESU\/MEC de 03\/08\/07; e ainda o contido no processo n\u00ba 102781\/2011-69,<\/p>\n\n\n<p><strong>RESOLVE:<\/strong><\/p>\n\n\n<p>Nomear em car\u00e1ter efetivo, VINICIUS PACHECO ZANLORENCI, habilitado em concurso p\u00fablico de provas e t\u00edtulos, homologado em 11.01.11, para o cargo de Professor do Grupo Magist\u00e9rio Superior, classe Auxiliar, n\u00edvel I, em regime de trabalho de 20 (vinte) horas semanais, na \u00e1rea de Obstetr\u00edcia \u2013 Aten\u00e7\u00e3o B\u00e1sica \u00e0 Sa\u00fade da Mulher; do Departamento de Tocoginecologia; do Setor de Ci\u00eancias da Sa\u00fade, na vaga de c\u00f3digo n\u00ba 263392.<\/p><p><\/p>\n\n\n<div style=\"height:15px\" aria-hidden=\"true\" class=\"wp-block-spacer\"><\/div>\n\n\n<div class=\"wp-block-buttons is-content-justification-right is-layout-flex wp-container-core-buttons-is-layout-1 wp-block-buttons-is-layout-flex\">\n<div class=\"wp-block-button has-custom-font-size is-style-outline has-small-font-size is-style-outline--1\"><a class=\"wp-block-button__link\" href=\"https:\/\/progepe.ufpr.br\/portarias\/wp-content\/uploads\/pcp\/PROGEPE\/2011\/11885PR.pdf\" style=\"border-radius:0px\" target=\"_blank\" rel=\"noreferrer noopener\">Acesse o arquivo da portaria<\/a><\/div><\/div>\n","protected":false},"excerpt":{"rendered":"<p>Nomear em car\u00e1ter efetivo, VINICIUS PACHECO ZANLORENCI, habilitado em concurso p\u00fablico de provas e t\u00edtulos, homologado em 11.01.11, para o cargo de Professor do Grupo Magist\u00e9rio Superior, classe Auxiliar, n\u00edvel I, em regime de trabalho de 20 (vinte) horas semanais, na \u00e1rea de Obstetr\u00edcia \u2013 Aten\u00e7\u00e3o B\u00e1sica \u00e0 Sa\u00fade da Mulher; do Departamento de Tocoginecologia; do Setor de Ci\u00eancias da Sa\u00fade, na vaga de c\u00f3digo n\u00ba 263392.  {&#8220;height&#8221;:&#8221;15px&#8221;} <\/p>\n<div style=\"height:15px\" aria-hidden=\"true\" class=\"wp-block-spacer\"> <!-- \/wp:spacer  {\"layout\":{\"type\":\"flex\",\"justifyContent\":\"right\"}} \n\n<div class=\"wp-block-buttons\"><!-- wp:button {\"style\":{\"border\":{\"radius\":\"0px\"}},\"className\":\"is-style-outline\",\"fontSize\":\"small\"} \n\n<div class=\"wp-block-button has-custom-font-size is-style-outline has-small-font-size\"><a class=\"wp-block-button__link\" href=\"https:\/\/progepe.ufpr.br\/portarias\/wp-content\/uploads\/pcp\/PROGEPE\/2011\/11885PR.pdf\" style=\"border-radius:0px\" target=\"_blank\" rel=\"noreferrer noopener\">Acesse o a\n<\/p>\n","protected":false},"author":41,"featured_media":0,"comment_status":"closed","ping_status":"closed","sticky":false,"template":"wp-custom-template-emissao-entre-01-05-2004-ate-30-06-2017","format":"standard","meta":{"_acf_changed":false,"iawp_total_views":2,"footnotes":""},"categories":[116],"tags":[121],"class_list":["post-167571","post","type-post","status-publish","format-standard","hentry","category-progepe","tag-nomeacao"],"acf":[],"_links":{"self":[{"href":"https:\/\/progepe.ufpr.br\/portarias\/wp-json\/wp\/v2\/posts\/167571","targetHints":{"allow":["GET"]}}],"collection":[{"href":"https:\/\/progepe.ufpr.br\/portarias\/wp-json\/wp\/v2\/posts"}],"about":[{"href":"https:\/\/progepe.ufpr.br\/portarias\/wp-json\/wp\/v2\/types\/post"}],"author":[{"embeddable":true,"href":"https:\/\/progepe.ufpr.br\/portarias\/wp-json\/wp\/v2\/users\/41"}],"replies":[{"embeddable":true,"href":"https:\/\/progepe.ufpr.br\/portarias\/wp-json\/wp\/v2\/comments?post=167571"}],"version-history":[{"count":1,"href":"https:\/\/progepe.ufpr.br\/portarias\/wp-json\/wp\/v2\/posts\/167571\/revisions"}],"predecessor-version":[{"id":206917,"href":"https:\/\/progepe.ufpr.br\/portarias\/wp-json\/wp\/v2\/posts\/167571\/revisions\/206917"}],"wp:attachment":[{"href":"https:\/\/progepe.ufpr.br\/portarias\/wp-json\/wp\/v2\/media?parent=167571"}],"wp:term":[{"taxonomy":"category","embeddable":true,"href":"https:\/\/progepe.ufpr.br\/portarias\/wp-json\/wp\/v2\/categories?post=167571"},{"taxonomy":"post_tag","embeddable":true,"href":"https:\/\/progepe.ufpr.br\/portarias\/wp-json\/wp\/v2\/tags?post=167571"}],"curies":[{"name":"wp","href":"https:\/\/api.w.org\/{rel}","templated":true}]}}