{"id":167883,"date":"2011-07-28T10:18:00","date_gmt":"2011-07-28T13:18:00","guid":{"rendered":"http:\/\/progepe.ufpr.br\/portarias\/progepe-2011-10183\/"},"modified":"2023-08-03T11:30:30","modified_gmt":"2023-08-03T14:30:30","slug":"progepe-2011-10183","status":"publish","type":"post","link":"https:\/\/progepe.ufpr.br\/portarias\/progepe-2011-10183\/","title":{"rendered":"PORTARIA N\u00ba 10183\/PROGEPE, DE 28 DE JULHO DE 2011"},"content":{"rendered":"\n<p>A Pr\u00f3-Reitora de Gest\u00e3o de Pessoas da Universidade Federal do Paran\u00e1, em exerc\u00edcio, no uso de suas atribui\u00e7\u00f5es, tendo em vista a compet\u00eancia que lhe \u00e9 conferida pela Portaria n\u00ba 2.590, de 26 de setembro de 1997, nos termos do Art. 40, \u00a7 7\u00ba da E. C. n\u00ba 41\/2003 e Lei n\u00ba 10.887\/2004 e considerando o contido no processo n\u00ba 086862\/2011-12,<\/p>\n\n\n<p><strong>RESOLVE:<\/strong><\/p>\n\n\n<p>Declarar a concess\u00e3o de pens\u00e3o vital\u00edcia, a partir de 29.05.11, data do falecimento de ANTONIO MATOS DOS SANTOS &#8211; 155985, nos termos do art. 217, inciso I, al\u00ednea a, da Lei n\u00ba 8.112, de 11 de dezembro de 1990, a c\u00f4njuge ALLANA DE ALMEIDA ROSA MATOS, calculado com base nos proventos percebidos pelo ex-servidor, aposentado em 08.10.2003, na categoria funcional de Professor do Ensino B\u00e1sico T\u00e9cnico Tecnol\u00f3gico, n\u00edvel de classifica\u00e7\u00e3o D, n\u00edvel de capacita\u00e7\u00e3o 3, padr\u00e3o de vencimento 02, em regime de trabalho de 20 (vinte) horas semanais, na forma preceituada nos \u00a7 7\u00ba, \u00a7 18\u00ba do Art. 40 da Emenda Constitucional 41\/03, c\/c Art. 2\u00ba da Lei n\u00ba 10.887\/2004.<\/p><p><\/p>\n\n\n<div style=\"height:15px\" aria-hidden=\"true\" class=\"wp-block-spacer\"><\/div>\n\n\n<div class=\"wp-block-buttons is-content-justification-right is-layout-flex wp-container-core-buttons-is-layout-1 wp-block-buttons-is-layout-flex\">\n<div class=\"wp-block-button has-custom-font-size is-style-outline has-small-font-size is-style-outline--1\"><a class=\"wp-block-button__link\" href=\"https:\/\/progepe.ufpr.br\/portarias\/wp-content\/uploads\/pcp\/PROGEPE\/2011\/10183PR.pdf\" style=\"border-radius:0px\" target=\"_blank\" rel=\"noreferrer noopener\">Acesse o arquivo da portaria<\/a><\/div><\/div>\n","protected":false},"excerpt":{"rendered":"<p>Declarar a concess\u00e3o de pens\u00e3o vital\u00edcia, a partir de 29.05.11, data do falecimento de ANTONIO MATOS DOS SANTOS &#8211; 155985, nos termos do art. 217, inciso I, al\u00ednea a, da Lei n\u00ba 8.112, de 11 de dezembro de 1990, a c\u00f4njuge ALLANA DE ALMEIDA ROSA MATOS, calculado com base nos proventos percebidos pelo ex-servidor, aposentado em 08.10.2003, na categoria funcional de Professor do Ensino B\u00e1sico T\u00e9cnico Tecnol\u00f3gico, n\u00edvel de classifica\u00e7\u00e3o D, n\u00edvel de capacita\u00e7\u00e3o 3, padr\u00e3o de vencimento 02, em regime de trabalho de 20 (vinte) horas semanais, na forma preceituada nos \u00a7 7\u00ba, \u00a7 18\u00ba do Art.<\/p>\n","protected":false},"author":41,"featured_media":0,"comment_status":"closed","ping_status":"closed","sticky":false,"template":"wp-custom-template-emissao-entre-01-05-2004-ate-30-06-2017","format":"standard","meta":{"_acf_changed":false,"iawp_total_views":0,"footnotes":""},"categories":[116],"tags":[145],"class_list":["post-167883","post","type-post","status-publish","format-standard","hentry","category-progepe","tag-pensao"],"acf":[],"_links":{"self":[{"href":"https:\/\/progepe.ufpr.br\/portarias\/wp-json\/wp\/v2\/posts\/167883","targetHints":{"allow":["GET"]}}],"collection":[{"href":"https:\/\/progepe.ufpr.br\/portarias\/wp-json\/wp\/v2\/posts"}],"about":[{"href":"https:\/\/progepe.ufpr.br\/portarias\/wp-json\/wp\/v2\/types\/post"}],"author":[{"embeddable":true,"href":"https:\/\/progepe.ufpr.br\/portarias\/wp-json\/wp\/v2\/users\/41"}],"replies":[{"embeddable":true,"href":"https:\/\/progepe.ufpr.br\/portarias\/wp-json\/wp\/v2\/comments?post=167883"}],"version-history":[{"count":1,"href":"https:\/\/progepe.ufpr.br\/portarias\/wp-json\/wp\/v2\/posts\/167883\/revisions"}],"predecessor-version":[{"id":207229,"href":"https:\/\/progepe.ufpr.br\/portarias\/wp-json\/wp\/v2\/posts\/167883\/revisions\/207229"}],"wp:attachment":[{"href":"https:\/\/progepe.ufpr.br\/portarias\/wp-json\/wp\/v2\/media?parent=167883"}],"wp:term":[{"taxonomy":"category","embeddable":true,"href":"https:\/\/progepe.ufpr.br\/portarias\/wp-json\/wp\/v2\/categories?post=167883"},{"taxonomy":"post_tag","embeddable":true,"href":"https:\/\/progepe.ufpr.br\/portarias\/wp-json\/wp\/v2\/tags?post=167883"}],"curies":[{"name":"wp","href":"https:\/\/api.w.org\/{rel}","templated":true}]}}