{"id":168811,"date":"2011-05-27T10:10:00","date_gmt":"2011-05-27T13:10:00","guid":{"rendered":"http:\/\/progepe.ufpr.br\/portarias\/progepe-2011-09461\/"},"modified":"2023-08-03T11:29:24","modified_gmt":"2023-08-03T14:29:24","slug":"progepe-2011-09461","status":"publish","type":"post","link":"https:\/\/progepe.ufpr.br\/portarias\/progepe-2011-09461\/","title":{"rendered":"PORTARIA N\u00ba 09461\/PROGEPE, DE 27 DE MAIO DE 2011"},"content":{"rendered":"\n<p>A Pr\u00f3-Reitora de Gest\u00e3o de Pessoas da Universidade Federal do Paran\u00e1, no uso de suas atribui\u00e7\u00f5es, tendo em vista a compet\u00eancia que lhe \u00e9 conferida pela Portaria n\u00ba 2.590, de 26 de setembro de 1997, de acordo com os \u00a7\u00a7 1\u00ba, 3\u00ba, 4\u00ba e 5\u00ba do Art. 10 da Lei n\u00ba 11.091\/05; o Anexo XI da Lei n\u00ba 11.233\/05; a Resolu\u00e7\u00e3o CNS n\u00ba 03\/06 e ainda o contido no processo n\u00ba 071376\/2011-91,<\/p>\n\n\n<p><strong>RESOLVE:<\/strong><\/p>\n\n\n<p>Conceder progress\u00e3o por capacita\u00e7\u00e3o profissional \u00e0 servidora TANIA DE BARROS BAGGIO \u2013 137863, ocupante do cargo de Bibliotec\u00e1rio &#8211; Documentalista, lotada no Departamento de Biblioteca e Documenta\u00e7\u00e3o do Sistema de Bibliotecas, do n\u00edvel E-01 para o E-04, padr\u00e3o de Vencimento 09, a partir de 23 de mar\u00e7o de 2011, tendo em vista ter apresentado Certificado de participa\u00e7\u00e3o do Programa de Desenvolvimento Gerencial para Servi\u00e7os em Bibliotecas Universit\u00e1rias, emitido pela Universidade Federal do Paran\u00e1.<\/p><p><\/p>\n\n\n<div style=\"height:15px\" aria-hidden=\"true\" class=\"wp-block-spacer\"><\/div>\n\n\n<div class=\"wp-block-buttons is-content-justification-right is-layout-flex wp-container-core-buttons-is-layout-1 wp-block-buttons-is-layout-flex\">\n<div class=\"wp-block-button has-custom-font-size is-style-outline has-small-font-size is-style-outline--1\"><a class=\"wp-block-button__link\" href=\"https:\/\/progepe.ufpr.br\/portarias\/wp-content\/uploads\/pcp\/PROGEPE\/2011\/9461PR.pdf\" style=\"border-radius:0px\" target=\"_blank\" rel=\"noreferrer noopener\">Acesse o arquivo da portaria<\/a><\/div><\/div>\n","protected":false},"excerpt":{"rendered":"<p>Conceder progress\u00e3o por capacita\u00e7\u00e3o profissional \u00e0 servidora TANIA DE BARROS BAGGIO \u2013 137863, ocupante do cargo de Bibliotec\u00e1rio &#8211; Documentalista, lotada no Departamento de Biblioteca e Documenta\u00e7\u00e3o do Sistema de Bibliotecas, do n\u00edvel E-01 para o E-04, padr\u00e3o de Vencimento 09, a partir de 23 de mar\u00e7o de 2011, tendo em vista ter apresentado Certificado de participa\u00e7\u00e3o do Programa de Desenvolvimento Gerencial para Servi\u00e7os em Bibliotecas Universit\u00e1rias, emitido pela Universidade Federal do Paran\u00e1.  {&#8220;height&#8221;:&#8221;15px&#8221;} <\/p>\n<div style=\"height:15px\" aria-hidden=\"true\" class=\"wp-block-spacer\"> <!-- \/wp:spacer  {\"layout\":{\"type\":\"flex\",\"justifyContent\":\"right\"}} \n\n<div class=\"wp-block-buttons\"><!-- wp:button {\"style\":{\"border\":{\"radius\":\"0px\"}},\"className\":\"is-style-outline\",\"fontSize\":\"small\"} \n\n<div class=\"wp-block-button has-custom-font-size is-style-outline has-small-font-size\"><a class=\"wp-block-button__link\" href=\"https:\/\/progepe.ufpr.br\/portarias\/wp-content\/uploads\/pcp\/PROGEPE\/2011\/9461PR.pdf\"\n<\/p>\n","protected":false},"author":41,"featured_media":0,"comment_status":"closed","ping_status":"closed","sticky":false,"template":"wp-custom-template-emissao-entre-01-05-2004-ate-30-06-2017","format":"standard","meta":{"_acf_changed":false,"iawp_total_views":0,"footnotes":""},"categories":[116],"tags":[143],"class_list":["post-168811","post","type-post","status-publish","format-standard","hentry","category-progepe","tag-progressao-promocao"],"acf":[],"_links":{"self":[{"href":"https:\/\/progepe.ufpr.br\/portarias\/wp-json\/wp\/v2\/posts\/168811","targetHints":{"allow":["GET"]}}],"collection":[{"href":"https:\/\/progepe.ufpr.br\/portarias\/wp-json\/wp\/v2\/posts"}],"about":[{"href":"https:\/\/progepe.ufpr.br\/portarias\/wp-json\/wp\/v2\/types\/post"}],"author":[{"embeddable":true,"href":"https:\/\/progepe.ufpr.br\/portarias\/wp-json\/wp\/v2\/users\/41"}],"replies":[{"embeddable":true,"href":"https:\/\/progepe.ufpr.br\/portarias\/wp-json\/wp\/v2\/comments?post=168811"}],"version-history":[{"count":1,"href":"https:\/\/progepe.ufpr.br\/portarias\/wp-json\/wp\/v2\/posts\/168811\/revisions"}],"predecessor-version":[{"id":208157,"href":"https:\/\/progepe.ufpr.br\/portarias\/wp-json\/wp\/v2\/posts\/168811\/revisions\/208157"}],"wp:attachment":[{"href":"https:\/\/progepe.ufpr.br\/portarias\/wp-json\/wp\/v2\/media?parent=168811"}],"wp:term":[{"taxonomy":"category","embeddable":true,"href":"https:\/\/progepe.ufpr.br\/portarias\/wp-json\/wp\/v2\/categories?post=168811"},{"taxonomy":"post_tag","embeddable":true,"href":"https:\/\/progepe.ufpr.br\/portarias\/wp-json\/wp\/v2\/tags?post=168811"}],"curies":[{"name":"wp","href":"https:\/\/api.w.org\/{rel}","templated":true}]}}