{"id":168902,"date":"2011-08-26T10:02:00","date_gmt":"2011-08-26T13:02:00","guid":{"rendered":"http:\/\/progepe.ufpr.br\/portarias\/progepe-2011-10684\/"},"modified":"2023-10-24T17:15:28","modified_gmt":"2023-10-24T20:15:28","slug":"progepe-2011-10684","status":"publish","type":"post","link":"https:\/\/progepe.ufpr.br\/portarias\/progepe-2011-10684\/","title":{"rendered":"PORTARIA N\u00ba 10684\/PROGEPE, DE 26 DE AGOSTO DE 2011"},"content":{"rendered":"\n<p style=\"padding-left:43%\">A Pr\u00f3-Reitora de Gest\u00e3o de Pessoas da Universidade Federal do Paran\u00e1, no uso de suas atribui\u00e7\u00f5es, tendo em vista a compet\u00eancia que lhe \u00e9 conferida pela Portaria n\u00ba 2.590, de 26 de setembro de 1997 e considerando o que consta no processo n\u00ba 041410\/2010-12,<\/p>\n\n\n\n<p style=\"padding-left:43%\"><strong>RESOLVE:<\/strong><\/p>\n\n\n\n<p>Alterar o regime de trabalho de 20 (vinte) horas semanais, para 40 (quarenta) horas semanais, do Professor JOSE ROBERTO VIEIRA &#8211; 120421, classe Adjunto, lotado no Departamento de Direito P\u00fablico do Setor de Ci\u00eancias Jur\u00eddicas, a partir desta data.<\/p>\n","protected":false},"excerpt":{"rendered":"<p>Alterar o regime de trabalho de 20 (vinte) horas semanais, para 40 (quarenta) horas semanais, do Professor JOSE ROBERTO VIEIRA &#8211; 120421, classe Adjunto, lotado no Departamento de Direito P\u00fablico do Setor de Ci\u00eancias Jur\u00eddicas, a partir desta data.<\/p>\n","protected":false},"author":41,"featured_media":0,"comment_status":"closed","ping_status":"closed","sticky":false,"template":"","format":"standard","meta":{"_acf_changed":false,"iawp_total_views":0,"footnotes":""},"categories":[116],"tags":[130],"class_list":["post-168902","post","type-post","status-publish","format-standard","hentry","category-progepe","tag-regime-trabalho"],"acf":[],"_links":{"self":[{"href":"https:\/\/progepe.ufpr.br\/portarias\/wp-json\/wp\/v2\/posts\/168902","targetHints":{"allow":["GET"]}}],"collection":[{"href":"https:\/\/progepe.ufpr.br\/portarias\/wp-json\/wp\/v2\/posts"}],"about":[{"href":"https:\/\/progepe.ufpr.br\/portarias\/wp-json\/wp\/v2\/types\/post"}],"author":[{"embeddable":true,"href":"https:\/\/progepe.ufpr.br\/portarias\/wp-json\/wp\/v2\/users\/41"}],"replies":[{"embeddable":true,"href":"https:\/\/progepe.ufpr.br\/portarias\/wp-json\/wp\/v2\/comments?post=168902"}],"version-history":[{"count":3,"href":"https:\/\/progepe.ufpr.br\/portarias\/wp-json\/wp\/v2\/posts\/168902\/revisions"}],"predecessor-version":[{"id":253244,"href":"https:\/\/progepe.ufpr.br\/portarias\/wp-json\/wp\/v2\/posts\/168902\/revisions\/253244"}],"wp:attachment":[{"href":"https:\/\/progepe.ufpr.br\/portarias\/wp-json\/wp\/v2\/media?parent=168902"}],"wp:term":[{"taxonomy":"category","embeddable":true,"href":"https:\/\/progepe.ufpr.br\/portarias\/wp-json\/wp\/v2\/categories?post=168902"},{"taxonomy":"post_tag","embeddable":true,"href":"https:\/\/progepe.ufpr.br\/portarias\/wp-json\/wp\/v2\/tags?post=168902"}],"curies":[{"name":"wp","href":"https:\/\/api.w.org\/{rel}","templated":true}]}}