{"id":169163,"date":"2010-12-01T05:01:00","date_gmt":"2010-12-01T07:01:00","guid":{"rendered":"http:\/\/progepe.ufpr.br\/portarias\/rt-2010-01280\/"},"modified":"2024-05-29T11:10:56","modified_gmt":"2024-05-29T14:10:56","slug":"rt-2010-01280","status":"publish","type":"post","link":"https:\/\/progepe.ufpr.br\/portarias\/rt-2010-01280\/","title":{"rendered":"PORTARIA N\u00ba 01280\/REITORIA, DE 01 DE DEZEMBRO DE 2010"},"content":{"rendered":"\n<p style=\"padding-left:43%\">O Vice-Reitor da Universidade Federal do Paran\u00e1, no exerc\u00edcio do cargo de Reitor, no uso de suas atribui\u00e7\u00f5es e tendo em vista o que consta no processo n\u00ba 046899\/2010-19,<\/p>\n\n\n\n<p style=\"padding-left:43%\"><strong>RESOLVE:<\/strong><\/p>\n\n\n\n<p>I. Nomear o Professor CARLOS EDUARDO ROCHA GARCIA &#8211; 200412, CPF n\u00ba \u275a\u275a\u275a.\u275a\u275a\u275a.\u275a\u275a\u275a-\u275a\u275a, classe Adjunto, no regime de trabalho de dedica\u00e7\u00e3o exclusiva, para exercer o cargo de Chefe do Departamento de Farm\u00e1cia, FG-01, do Setor de Ci\u00eancias da Sa\u00fade, pelo per\u00edodo de 02 (dois) anos, a partir da data de publica\u00e7\u00e3o em DOU, de acordo com a Lei n\u00ba 9.527\/97.<\/p>\n\n\n\n<p>II. O mencionado docente cumprir\u00e1, obrigatoriamente, o regime de trabalho de tempo integral, de acordo com o disposto no \u00a7 5\u00ba, artigo 1\u00ba da Lei n\u00ba 8.168\/91.<\/p>\n","protected":false},"excerpt":{"rendered":"<p>I. Nomear o Professor CARLOS EDUARDO ROCHA GARCIA &#8211; 200412, CPF n\u00ba \u275a\u275a\u275a.\u275a\u275a\u275a.\u275a\u275a\u275a-\u275a\u275a, classe Adjunto, no regime de trabalho de dedica\u00e7\u00e3o exclusiva, para exercer o cargo de Chefe do Departamento de Farm\u00e1cia, FG-01, do Setor de Ci\u00eancias da Sa\u00fade, pelo per\u00edodo de 02 (dois) anos, a partir da data de publica\u00e7\u00e3o em DOU, de acordo com a Lei n\u00ba 9.527\/97.  II. O mencionado docente cumprir\u00e1, obrigatoriamente, o regime de trabalho de tempo integral, de acordo com o disposto no \u00a7 5\u00ba, artigo 1\u00ba da Lei n\u00ba 8.168\/91.<\/p>\n","protected":false},"author":41,"featured_media":0,"comment_status":"closed","ping_status":"closed","sticky":false,"template":"","format":"standard","meta":{"_acf_changed":false,"iawp_total_views":1,"footnotes":""},"categories":[117],"tags":[244],"class_list":["post-169163","post","type-post","status-publish","format-standard","hentry","category-rt","tag-chefe-suplente"],"acf":[],"_links":{"self":[{"href":"https:\/\/progepe.ufpr.br\/portarias\/wp-json\/wp\/v2\/posts\/169163","targetHints":{"allow":["GET"]}}],"collection":[{"href":"https:\/\/progepe.ufpr.br\/portarias\/wp-json\/wp\/v2\/posts"}],"about":[{"href":"https:\/\/progepe.ufpr.br\/portarias\/wp-json\/wp\/v2\/types\/post"}],"author":[{"embeddable":true,"href":"https:\/\/progepe.ufpr.br\/portarias\/wp-json\/wp\/v2\/users\/41"}],"replies":[{"embeddable":true,"href":"https:\/\/progepe.ufpr.br\/portarias\/wp-json\/wp\/v2\/comments?post=169163"}],"version-history":[{"count":2,"href":"https:\/\/progepe.ufpr.br\/portarias\/wp-json\/wp\/v2\/posts\/169163\/revisions"}],"predecessor-version":[{"id":256099,"href":"https:\/\/progepe.ufpr.br\/portarias\/wp-json\/wp\/v2\/posts\/169163\/revisions\/256099"}],"wp:attachment":[{"href":"https:\/\/progepe.ufpr.br\/portarias\/wp-json\/wp\/v2\/media?parent=169163"}],"wp:term":[{"taxonomy":"category","embeddable":true,"href":"https:\/\/progepe.ufpr.br\/portarias\/wp-json\/wp\/v2\/categories?post=169163"},{"taxonomy":"post_tag","embeddable":true,"href":"https:\/\/progepe.ufpr.br\/portarias\/wp-json\/wp\/v2\/tags?post=169163"}],"curies":[{"name":"wp","href":"https:\/\/api.w.org\/{rel}","templated":true}]}}