{"id":169230,"date":"2010-08-10T05:01:00","date_gmt":"2010-08-10T08:01:00","guid":{"rendered":"http:\/\/progepe.ufpr.br\/portarias\/rt-2010-01085\/"},"modified":"2023-08-03T13:04:27","modified_gmt":"2023-08-03T16:04:27","slug":"rt-2010-01085","status":"publish","type":"post","link":"https:\/\/progepe.ufpr.br\/portarias\/rt-2010-01085\/","title":{"rendered":"PORTARIA N\u00ba 01085\/REITORIA, DE 10 DE AGOSTO DE 2010"},"content":{"rendered":"\n<p>O Reitor da Universidade Federal do Paran\u00e1, no uso de suas atribui\u00e7\u00f5es e tendo em vista o que consta no processo n\u00ba 031825\/2010-88,<\/p>\n\n\n<p><strong>RESOLVE:<\/strong><\/p>\n\n\n<p>I. Cessar os efeitos das Portarias n\u00ba 1.145\/PROGEPE, de 29 de abril de 2009; n\u00ba 1.290\/PROGEPE, de 19 de maio de 2009; e, n\u00ba 3.166\/PROGEPE, de 14 de setembro de 2009.<\/p><p> II. Designar, para comporem a Comiss\u00e3o para Assuntos Arquiv\u00edsticos da Universidade Federal do Paran\u00e1, os seguintes membros:.<\/p><p> Coordenador: JO\u00c3O PAULO DE AGUIAR JANUARIO &#8211; 200962.<\/p><p> Membros:.<\/p><p> ALESSANDRA SCHOSLOSKI ALVES COUTINHO &#8211; 200602.<\/p><p> ANGELA CAROLINA DE CASTRO SIM\u00d5ES &#8211; 200581.<\/p><p> CYNARA CRISTIANE DE CASTRO &#8211; 200615.<\/p><p> PAULO CESAR FERREIRA FIGNER DE LUNA &#8211; 147249.<\/p><p> ADELIA JUNGLOS ALVES &#8211; 109673.<\/p><p><\/p>\n\n\n<div style=\"height:15px\" aria-hidden=\"true\" class=\"wp-block-spacer\"><\/div>\n\n\n<div class=\"wp-block-buttons is-content-justification-right is-layout-flex wp-container-core-buttons-is-layout-1 wp-block-buttons-is-layout-flex\">\n<div class=\"wp-block-button has-custom-font-size is-style-outline has-small-font-size is-style-outline--1\"><a class=\"wp-block-button__link\" href=\"https:\/\/progepe.ufpr.br\/portarias\/wp-content\/uploads\/pcp\/RT\/2010\/1085R.pdf\" style=\"border-radius:0px\" target=\"_blank\" rel=\"noreferrer noopener\">Acesse o arquivo da portaria<\/a><\/div><\/div>\n","protected":false},"excerpt":{"rendered":"<p>I. Cessar os efeitos das Portarias n\u00ba 1.145\/PROGEPE, de 29 de abril de 2009; n\u00ba 1.290\/PROGEPE, de 19 de maio de 2009; e, n\u00ba 3.166\/PROGEPE, de 14 de setembro de 2009. II. Designar, para comporem a Comiss\u00e3o para Assuntos Arquiv\u00edsticos da Universidade Federal do Paran\u00e1, os seguintes membros:. Coordenador: JO\u00c3O PAULO DE AGUIAR JANUARIO &#8211; 200962. Membros:. ALESSANDRA SCHOSLOSKI ALVES COUTINHO &#8211; 200602. ANGELA CAROLINA DE CASTRO SIM\u00d5ES &#8211; 200581. CYNARA CRISTIANE DE CASTRO &#8211; 200615. PAULO CESAR FERREIRA FIGNER DE LUNA &#8211; 147249. ADELIA JUNGLOS ALVES &#8211; 109673.  {&#8220;height&#8221;:&#8221;15px&#8221;} <\/p>\n<div style=\"height:15px\" aria-hidden=\"true\" class=\"wp-block-spacer\"> <!-- \/wp:spacer\n<\/p>\n","protected":false},"author":41,"featured_media":0,"comment_status":"closed","ping_status":"closed","sticky":false,"template":"wp-custom-template-emissao-entre-01-05-2004-ate-30-06-2017","format":"standard","meta":{"_acf_changed":false,"iawp_total_views":1,"footnotes":""},"categories":[117],"tags":[124],"class_list":["post-169230","post","type-post","status-publish","format-standard","hentry","category-rt","tag-comissao"],"acf":[],"_links":{"self":[{"href":"https:\/\/progepe.ufpr.br\/portarias\/wp-json\/wp\/v2\/posts\/169230","targetHints":{"allow":["GET"]}}],"collection":[{"href":"https:\/\/progepe.ufpr.br\/portarias\/wp-json\/wp\/v2\/posts"}],"about":[{"href":"https:\/\/progepe.ufpr.br\/portarias\/wp-json\/wp\/v2\/types\/post"}],"author":[{"embeddable":true,"href":"https:\/\/progepe.ufpr.br\/portarias\/wp-json\/wp\/v2\/users\/41"}],"replies":[{"embeddable":true,"href":"https:\/\/progepe.ufpr.br\/portarias\/wp-json\/wp\/v2\/comments?post=169230"}],"version-history":[{"count":1,"href":"https:\/\/progepe.ufpr.br\/portarias\/wp-json\/wp\/v2\/posts\/169230\/revisions"}],"predecessor-version":[{"id":208455,"href":"https:\/\/progepe.ufpr.br\/portarias\/wp-json\/wp\/v2\/posts\/169230\/revisions\/208455"}],"wp:attachment":[{"href":"https:\/\/progepe.ufpr.br\/portarias\/wp-json\/wp\/v2\/media?parent=169230"}],"wp:term":[{"taxonomy":"category","embeddable":true,"href":"https:\/\/progepe.ufpr.br\/portarias\/wp-json\/wp\/v2\/categories?post=169230"},{"taxonomy":"post_tag","embeddable":true,"href":"https:\/\/progepe.ufpr.br\/portarias\/wp-json\/wp\/v2\/tags?post=169230"}],"curies":[{"name":"wp","href":"https:\/\/api.w.org\/{rel}","templated":true}]}}