{"id":169234,"date":"2010-09-02T05:04:00","date_gmt":"2010-09-02T08:04:00","guid":{"rendered":"http:\/\/progepe.ufpr.br\/portarias\/rt-2010-01116\/"},"modified":"2023-08-03T13:04:30","modified_gmt":"2023-08-03T16:04:30","slug":"rt-2010-01116","status":"publish","type":"post","link":"https:\/\/progepe.ufpr.br\/portarias\/rt-2010-01116\/","title":{"rendered":"PORTARIA N\u00ba 01116\/REITORIA, DE 02 DE SETEMBRO DE 2010"},"content":{"rendered":"\n<p>O Reitor da Universidade Federal do Paran\u00e1, no uso de suas atribui\u00e7\u00f5es e tendo em vista o que consta no processo n\u00ba 036826\/2010-19,<\/p>\n\n\n<p><strong>RESOLVE:<\/strong><\/p>\n\n\n<p>I. Revogar a Portaria n\u00ba 1.101\/REITOR, de 26 de agosto de 2010.<\/p><p> II. Designar para compor a comiss\u00e3o para o acompanhamento da execu\u00e7\u00e3o or\u00e7ament\u00e1ria 2010, os seguintes membros: Presidente: VICENTE PACHECO &#8211; 100650 Membros: MARIA TARCISA SILVA BEGA &#8211; 105619 SILVIA HELENA SOARES SCHWAB &#8211; 088250 CLAUDETE REGGIANI &#8211; 100161 NEY PEREIRA MATTOSO FILHO &#8211; 123080 CARLA CRISTINA BITDINGER COBALCINI &#8211; 180955 GUILHERME HIDEO ASSAOKA HOSSAKA PAULO CESAR NAUIACK LUCIA REGINA ASSUMP\u00c7\u00c3O MONTANHINI &#8211; 105902 PAULO ROBERTO ROCHA KRUGER &#8211; 064130<\/p><p><\/p>\n\n\n<div style=\"height:15px\" aria-hidden=\"true\" class=\"wp-block-spacer\"><\/div>\n\n\n<div class=\"wp-block-buttons is-content-justification-right is-layout-flex wp-container-core-buttons-is-layout-1 wp-block-buttons-is-layout-flex\">\n<div class=\"wp-block-button has-custom-font-size is-style-outline has-small-font-size is-style-outline--1\"><a class=\"wp-block-button__link\" href=\"https:\/\/progepe.ufpr.br\/portarias\/wp-content\/uploads\/pcp\/RT\/2010\/1116R.pdf\" style=\"border-radius:0px\" target=\"_blank\" rel=\"noreferrer noopener\">Acesse o arquivo da portaria<\/a><\/div><\/div>\n","protected":false},"excerpt":{"rendered":"<p>I. Revogar a Portaria n\u00ba 1.101\/REITOR, de 26 de agosto de 2010. II. Designar para compor a comiss\u00e3o para o acompanhamento da execu\u00e7\u00e3o or\u00e7ament\u00e1ria 2010, os seguintes membros: Presidente: VICENTE PACHECO &#8211; 100650 Membros: MARIA TARCISA SILVA BEGA &#8211; 105619 SILVIA HELENA SOARES SCHWAB &#8211; 088250 CLAUDETE REGGIANI &#8211; 100161 NEY PEREIRA MATTOSO FILHO &#8211; 123080 CARLA CRISTINA BITDINGER COBALCINI &#8211; 180955 GUILHERME HIDEO ASSAOKA HOSSAKA PAULO CESAR NAUIACK LUCIA REGINA ASSUMP\u00c7\u00c3O MONTANHINI &#8211; 105902 PAULO ROBERTO ROCHA KRUGER &#8211; 064130  {&#8220;height&#8221;:&#8221;15px&#8221;} <\/p>\n<div style=\"height:15px\" aria-hidden=\"true\" class=\"wp-block-spacer\"> <!-- \/wp:spacer  {\"layout\":{\"type\":\"flex\",\"justifyContent\":\"right\"}} \n\n<div class=\"wp-block-buttons\"><!-- wp:button {\"style\":{\"border\":{\"radius\":\"0px\"}},\"className\":\"is-style-outline\",\"fontSize\":\"small\"} \n\n<div class=\"wp-block-button has-custom-font-size \n\n","protected":false},"author":41,"featured_media":0,"comment_status":"closed","ping_status":"closed","sticky":false,"template":"wp-custom-template-emissao-entre-01-05-2004-ate-30-06-2017","format":"standard","meta":{"_acf_changed":false,"iawp_total_views":0,"footnotes":""},"categories":[117],"tags":[124],"class_list":["post-169234","post","type-post","status-publish","format-standard","hentry","category-rt","tag-comissao"],"acf":[],"_links":{"self":[{"href":"https:\/\/progepe.ufpr.br\/portarias\/wp-json\/wp\/v2\/posts\/169234","targetHints":{"allow":["GET"]}}],"collection":[{"href":"https:\/\/progepe.ufpr.br\/portarias\/wp-json\/wp\/v2\/posts"}],"about":[{"href":"https:\/\/progepe.ufpr.br\/portarias\/wp-json\/wp\/v2\/types\/post"}],"author":[{"embeddable":true,"href":"https:\/\/progepe.ufpr.br\/portarias\/wp-json\/wp\/v2\/users\/41"}],"replies":[{"embeddable":true,"href":"https:\/\/progepe.ufpr.br\/portarias\/wp-json\/wp\/v2\/comments?post=169234"}],"version-history":[{"count":1,"href":"https:\/\/progepe.ufpr.br\/portarias\/wp-json\/wp\/v2\/posts\/169234\/revisions"}],"predecessor-version":[{"id":208459,"href":"https:\/\/progepe.ufpr.br\/portarias\/wp-json\/wp\/v2\/posts\/169234\/revisions\/208459"}],"wp:attachment":[{"href":"https:\/\/progepe.ufpr.br\/portarias\/wp-json\/wp\/v2\/media?parent=169234"}],"wp:term":[{"taxonomy":"category","embeddable":true,"href":"https:\/\/progepe.ufpr.br\/portarias\/wp-json\/wp\/v2\/categories?post=169234"},{"taxonomy":"post_tag","embeddable":true,"href":"https:\/\/progepe.ufpr.br\/portarias\/wp-json\/wp\/v2\/tags?post=169234"}],"curies":[{"name":"wp","href":"https:\/\/api.w.org\/{rel}","templated":true}]}}