{"id":169236,"date":"2010-09-17T05:00:00","date_gmt":"2010-09-17T08:00:00","guid":{"rendered":"http:\/\/progepe.ufpr.br\/portarias\/rt-2010-01128\/"},"modified":"2023-07-31T17:26:40","modified_gmt":"2023-07-31T20:26:40","slug":"rt-2010-01128","status":"publish","type":"post","link":"https:\/\/progepe.ufpr.br\/portarias\/rt-2010-01128\/","title":{"rendered":"PORTARIA N\u00ba 01128\/REITORIA, DE 17 DE SETEMBRO DE 2010"},"content":{"rendered":"\n<p>O Vice-Reitor da Universidade Federal do Paran\u00e1, no exerc\u00edcio do cargo de Reitor, no uso de suas atribui\u00e7\u00f5es e tendo em vista o que consta no processo n\u00ba 013844\/2008-16,<\/p>\n\n\n<p><strong>RESOLVE:<\/strong><\/p>\n\n\n<p>I. Revogar a Portaria n\u00b0 1.073\/GR de 02 de agosto de 2010.<\/p><p> II. Designar os servidores MARIA CLEMENTINA MENGHIN MENDES &#8211; 142565, Psic\u00f3logo &#8211; \u00c1rea, lotada no Departamento de Psicologia do Setor de Ci\u00eancias Humanas, Letras e Artes; MARTA CRISTINE ANTUNES RIBEIRO &#8211; 107093, Assistente em Administra\u00e7\u00e3o, lotada na Prefeitura da Cidade Universit\u00e1ria; e, RONALDO DOS SANTOS RAIZER &#8211; 201572, T\u00e9cnico em Assuntos Educacionais, lotado na Pr\u00f3-Reitoria de Gradua\u00e7\u00e3o, para, sob a presid\u00eancia do primeiro, constitu\u00edrem Comiss\u00e3o de Processo Administrativo Disciplinar com a finalidade de ultimar os trabalhos para apurar a den\u00fancia contida em fls. 02 e 03 dos autos, conforme c\u00f3pias da Nota de Auditoria, oriunda do Tribunal de Contas da Uni\u00e3o &#8211; TCU, referente ao contido \u00e0s fls. 11 e 12, do Of\u00edcio n\u00ba 55\/2008-TCU\/SECEX- PR, do processo n\u00ba 429033979, por ind\u00edcios de abandono de cargo no per\u00edodo de 01 de julho de 2006 a 28 de dezembro de 2006, de acordo com os itens d) e d.1), conforme contido no processo n\u00ba 23075.013844\/2008-16.<\/p><p><\/p>\n\n\n<div style=\"height:15px\" aria-hidden=\"true\" class=\"wp-block-spacer\"><\/div>\n\n\n<div class=\"wp-block-buttons is-content-justification-right is-layout-flex wp-container-core-buttons-is-layout-1 wp-block-buttons-is-layout-flex\">\n<div class=\"wp-block-button has-custom-font-size is-style-outline has-small-font-size is-style-outline--1\"><a class=\"wp-block-button__link\" href=\"https:\/\/progepe.ufpr.br\/portarias\/wp-content\/uploads\/pcp\/RT\/2010\/1128R.pdf\" style=\"border-radius:0px\" target=\"_blank\" rel=\"noreferrer noopener\">Acesse o arquivo da portaria<\/a><\/div><\/div>\n","protected":false},"excerpt":{"rendered":"<p>I. Revogar a Portaria n\u00b0 1.073\/GR de 02 de agosto de 2010. II. Designar os servidores MARIA CLEMENTINA MENGHIN MENDES &#8211; 142565, Psic\u00f3logo &#8211; \u00c1rea, lotada no Departamento de Psicologia do Setor de Ci\u00eancias Humanas, Letras e Artes; MARTA CRISTINE ANTUNES RIBEIRO &#8211; 107093, Assistente em Administra\u00e7\u00e3o, lotada na Prefeitura da Cidade Universit\u00e1ria; e, RONALDO DOS SANTOS RAIZER &#8211; 201572, T\u00e9cnico em Assuntos Educacionais, lotado na Pr\u00f3-Reitoria de Gradua\u00e7\u00e3o, para, sob a presid\u00eancia do primeiro, constitu\u00edrem Comiss\u00e3o de Processo Administrativo Disciplinar com a finalidade de ultimar os trabalhos para apurar a den\u00fancia contida em fls. 02 e 03<\/p>\n","protected":false},"author":41,"featured_media":0,"comment_status":"closed","ping_status":"closed","sticky":false,"template":"wp-custom-template-emissao-entre-01-05-2004-ate-30-06-2017","format":"standard","meta":{"_acf_changed":false,"iawp_total_views":0,"footnotes":""},"categories":[117],"tags":[124],"class_list":["post-169236","post","type-post","status-publish","format-standard","hentry","category-rt","tag-comissao"],"acf":[],"_links":{"self":[{"href":"https:\/\/progepe.ufpr.br\/portarias\/wp-json\/wp\/v2\/posts\/169236","targetHints":{"allow":["GET"]}}],"collection":[{"href":"https:\/\/progepe.ufpr.br\/portarias\/wp-json\/wp\/v2\/posts"}],"about":[{"href":"https:\/\/progepe.ufpr.br\/portarias\/wp-json\/wp\/v2\/types\/post"}],"author":[{"embeddable":true,"href":"https:\/\/progepe.ufpr.br\/portarias\/wp-json\/wp\/v2\/users\/41"}],"replies":[{"embeddable":true,"href":"https:\/\/progepe.ufpr.br\/portarias\/wp-json\/wp\/v2\/comments?post=169236"}],"version-history":[{"count":1,"href":"https:\/\/progepe.ufpr.br\/portarias\/wp-json\/wp\/v2\/posts\/169236\/revisions"}],"predecessor-version":[{"id":208461,"href":"https:\/\/progepe.ufpr.br\/portarias\/wp-json\/wp\/v2\/posts\/169236\/revisions\/208461"}],"wp:attachment":[{"href":"https:\/\/progepe.ufpr.br\/portarias\/wp-json\/wp\/v2\/media?parent=169236"}],"wp:term":[{"taxonomy":"category","embeddable":true,"href":"https:\/\/progepe.ufpr.br\/portarias\/wp-json\/wp\/v2\/categories?post=169236"},{"taxonomy":"post_tag","embeddable":true,"href":"https:\/\/progepe.ufpr.br\/portarias\/wp-json\/wp\/v2\/tags?post=169236"}],"curies":[{"name":"wp","href":"https:\/\/api.w.org\/{rel}","templated":true}]}}