{"id":169245,"date":"2010-10-01T05:00:00","date_gmt":"2010-10-01T08:00:00","guid":{"rendered":"http:\/\/progepe.ufpr.br\/portarias\/rt-2010-01169\/"},"modified":"2023-07-31T17:26:40","modified_gmt":"2023-07-31T20:26:40","slug":"rt-2010-01169","status":"publish","type":"post","link":"https:\/\/progepe.ufpr.br\/portarias\/rt-2010-01169\/","title":{"rendered":"PORTARIA N\u00ba 01169\/REITORIA, DE 01 DE OUTUBRO DE 2010"},"content":{"rendered":"\n<p>O Reitor da Universidade Federal do Paran\u00e1, no uso de suas atribui\u00e7\u00f5es e tendo em vista o que consta no processo n\u00ba 036458\/2010-17,<\/p>\n\n\n<p><strong>RESOLVE:<\/strong><\/p>\n\n\n<p>I. Revogar a Portaria n\u00ba 1.099\/REITOR, de 24 de agosto de 2010.<\/p><p> II. Designar para comporem a nova comiss\u00e3o para avalia\u00e7\u00e3o da proposta de altera\u00e7\u00e3o da Resolu\u00e7\u00e3o n\u00ba 09\/94-COUN, que estabelece normas para a sess\u00e3o p\u00fablica e solene do Conselho Universit\u00e1rio destinadas \u00e0 Cola\u00e7\u00e3o de Grau dos Cursos de Gradua\u00e7\u00e3o e de Ensino Profissional da UFPR, os seguintes integrantes: Presidente: RICARDO MARCELO FONSECA &#8211; 156329 Vice-Presidente: CLAUDETE REGGIANI &#8211; 100161 Membros: VICENTE PACHECO &#8211; 100650 REGINA MARIA HARTOG POMBO RODRIGUEZ &#8211; 099120 DIONEI JOSE DA SILVA &#8211; 102822 PHILLIPE BATIUK TRINDADE<\/p><p><\/p>\n\n\n<div style=\"height:15px\" aria-hidden=\"true\" class=\"wp-block-spacer\"><\/div>\n\n\n<div class=\"wp-block-buttons is-content-justification-right is-layout-flex wp-container-core-buttons-is-layout-1 wp-block-buttons-is-layout-flex\">\n<div class=\"wp-block-button has-custom-font-size is-style-outline has-small-font-size is-style-outline--1\"><a class=\"wp-block-button__link\" href=\"https:\/\/progepe.ufpr.br\/portarias\/wp-content\/uploads\/pcp\/RT\/2010\/1169R.pdf\" style=\"border-radius:0px\" target=\"_blank\" rel=\"noreferrer noopener\">Acesse o arquivo da portaria<\/a><\/div><\/div>\n","protected":false},"excerpt":{"rendered":"<p>I. Revogar a Portaria n\u00ba 1.099\/REITOR, de 24 de agosto de 2010. II. Designar para comporem a nova comiss\u00e3o para avalia\u00e7\u00e3o da proposta de altera\u00e7\u00e3o da Resolu\u00e7\u00e3o n\u00ba 09\/94-COUN, que estabelece normas para a sess\u00e3o p\u00fablica e solene do Conselho Universit\u00e1rio destinadas \u00e0 Cola\u00e7\u00e3o de Grau dos Cursos de Gradua\u00e7\u00e3o e de Ensino Profissional da UFPR, os seguintes integrantes: Presidente: RICARDO MARCELO FONSECA &#8211; 156329 Vice-Presidente: CLAUDETE REGGIANI &#8211; 100161 Membros: VICENTE PACHECO &#8211; 100650 REGINA MARIA HARTOG POMBO RODRIGUEZ &#8211; 099120 DIONEI JOSE DA SILVA &#8211; 102822 PHILLIPE BATIUK TRINDADE  {&#8220;height&#8221;:&#8221;15px&#8221;} <\/p>\n<div style=\"height:15px\" aria-hidden=\"true\" class=\"wp-block-spacer\"> <!--\n<\/p>\n","protected":false},"author":41,"featured_media":0,"comment_status":"closed","ping_status":"closed","sticky":false,"template":"wp-custom-template-emissao-entre-01-05-2004-ate-30-06-2017","format":"standard","meta":{"_acf_changed":false,"iawp_total_views":2,"footnotes":""},"categories":[117],"tags":[124],"class_list":["post-169245","post","type-post","status-publish","format-standard","hentry","category-rt","tag-comissao"],"acf":[],"_links":{"self":[{"href":"https:\/\/progepe.ufpr.br\/portarias\/wp-json\/wp\/v2\/posts\/169245","targetHints":{"allow":["GET"]}}],"collection":[{"href":"https:\/\/progepe.ufpr.br\/portarias\/wp-json\/wp\/v2\/posts"}],"about":[{"href":"https:\/\/progepe.ufpr.br\/portarias\/wp-json\/wp\/v2\/types\/post"}],"author":[{"embeddable":true,"href":"https:\/\/progepe.ufpr.br\/portarias\/wp-json\/wp\/v2\/users\/41"}],"replies":[{"embeddable":true,"href":"https:\/\/progepe.ufpr.br\/portarias\/wp-json\/wp\/v2\/comments?post=169245"}],"version-history":[{"count":1,"href":"https:\/\/progepe.ufpr.br\/portarias\/wp-json\/wp\/v2\/posts\/169245\/revisions"}],"predecessor-version":[{"id":208470,"href":"https:\/\/progepe.ufpr.br\/portarias\/wp-json\/wp\/v2\/posts\/169245\/revisions\/208470"}],"wp:attachment":[{"href":"https:\/\/progepe.ufpr.br\/portarias\/wp-json\/wp\/v2\/media?parent=169245"}],"wp:term":[{"taxonomy":"category","embeddable":true,"href":"https:\/\/progepe.ufpr.br\/portarias\/wp-json\/wp\/v2\/categories?post=169245"},{"taxonomy":"post_tag","embeddable":true,"href":"https:\/\/progepe.ufpr.br\/portarias\/wp-json\/wp\/v2\/tags?post=169245"}],"curies":[{"name":"wp","href":"https:\/\/api.w.org\/{rel}","templated":true}]}}