{"id":169246,"date":"2010-10-06T05:00:00","date_gmt":"2010-10-06T08:00:00","guid":{"rendered":"http:\/\/progepe.ufpr.br\/portarias\/rt-2010-01172\/"},"modified":"2023-07-31T17:26:41","modified_gmt":"2023-07-31T20:26:41","slug":"rt-2010-01172","status":"publish","type":"post","link":"https:\/\/progepe.ufpr.br\/portarias\/rt-2010-01172\/","title":{"rendered":"PORTARIA N\u00ba 01172\/REITORIA, DE 06 DE OUTUBRO DE 2010"},"content":{"rendered":"\n<p>O Reitor da Universidade Federal do Paran\u00e1, no uso de suas atribui\u00e7\u00f5es, tendo em vista o que consta nos artigos 18, 19 e 20 da Resolu\u00e7\u00e3o n\u00ba 002\/2000-COPLAD e ainda o contido no processo n\u00ba 035095\/2010-94,<\/p>\n\n\n<p><strong>RESOLVE:<\/strong><\/p>\n\n\n<p>Designar para compor a comiss\u00e3o respons\u00e1vel pela segunda etapa da avalia\u00e7\u00e3o de desempenho em est\u00e1gio probat\u00f3rio do servidor PAULO ROBERTO CUETO &#8211; 200673, ocupante do cargo de Assistente em Administra\u00e7\u00e3o, lotado na Assessoria de Comunica\u00e7\u00e3o Social do Gabinete do Reitor, os seguintes membros: \uf0a7 MARIA DE LURDES WELTER PEREIRA &#8211; 087920 \uf0a7 MARIO MESSAGI JUNIOR &#8211; 151866 \uf0a7 SIMONE REGINA MEIRELLES RODRIGUEZ &#8211; 100048<\/p><p><\/p>\n\n\n<div style=\"height:15px\" aria-hidden=\"true\" class=\"wp-block-spacer\"><\/div>\n\n\n<div class=\"wp-block-buttons is-content-justification-right is-layout-flex wp-container-core-buttons-is-layout-1 wp-block-buttons-is-layout-flex\">\n<div class=\"wp-block-button has-custom-font-size is-style-outline has-small-font-size is-style-outline--1\"><a class=\"wp-block-button__link\" href=\"https:\/\/progepe.ufpr.br\/portarias\/wp-content\/uploads\/pcp\/RT\/2010\/1172R.pdf\" style=\"border-radius:0px\" target=\"_blank\" rel=\"noreferrer noopener\">Acesse o arquivo da portaria<\/a><\/div><\/div>\n","protected":false},"excerpt":{"rendered":"<p>Designar para compor a comiss\u00e3o respons\u00e1vel pela segunda etapa da avalia\u00e7\u00e3o de desempenho em est\u00e1gio probat\u00f3rio do servidor PAULO ROBERTO CUETO &#8211; 200673, ocupante do cargo de Assistente em Administra\u00e7\u00e3o, lotado na Assessoria de Comunica\u00e7\u00e3o Social do Gabinete do Reitor, os seguintes membros: \uf0a7 MARIA DE LURDES WELTER PEREIRA &#8211; 087920 \uf0a7 MARIO MESSAGI JUNIOR &#8211; 151866 \uf0a7 SIMONE REGINA MEIRELLES RODRIGUEZ &#8211; 100048  {&#8220;height&#8221;:&#8221;15px&#8221;} <\/p>\n<div style=\"height:15px\" aria-hidden=\"true\" class=\"wp-block-spacer\"> <!-- \/wp:spacer  {\"layout\":{\"type\":\"flex\",\"justifyContent\":\"right\"}} \n\n<div class=\"wp-block-buttons\"><!-- wp:button {\"style\":{\"border\":{\"radius\":\"0px\"}},\"className\":\"is-style-outline\",\"fontSize\":\"small\"} \n\n<div class=\"wp-block-button has-custom-font-size is-style-outline has-small-font-size\"><a class=\"wp-block-button__link\" href=\"https:\/\/progepe.ufpr.br\/portarias\/wp-content\/uploads\/pcp\/RT\/2010\/1172R.pdf\" style=\"border-radius:0px\" target=\"_blank\" rel=\"noreferrer noopener\">Acesse o arquivo da portari\n<\/p>\n","protected":false},"author":41,"featured_media":0,"comment_status":"closed","ping_status":"closed","sticky":false,"template":"wp-custom-template-emissao-entre-01-05-2004-ate-30-06-2017","format":"standard","meta":{"_acf_changed":false,"iawp_total_views":0,"footnotes":""},"categories":[117],"tags":[124],"class_list":["post-169246","post","type-post","status-publish","format-standard","hentry","category-rt","tag-comissao"],"acf":[],"_links":{"self":[{"href":"https:\/\/progepe.ufpr.br\/portarias\/wp-json\/wp\/v2\/posts\/169246","targetHints":{"allow":["GET"]}}],"collection":[{"href":"https:\/\/progepe.ufpr.br\/portarias\/wp-json\/wp\/v2\/posts"}],"about":[{"href":"https:\/\/progepe.ufpr.br\/portarias\/wp-json\/wp\/v2\/types\/post"}],"author":[{"embeddable":true,"href":"https:\/\/progepe.ufpr.br\/portarias\/wp-json\/wp\/v2\/users\/41"}],"replies":[{"embeddable":true,"href":"https:\/\/progepe.ufpr.br\/portarias\/wp-json\/wp\/v2\/comments?post=169246"}],"version-history":[{"count":1,"href":"https:\/\/progepe.ufpr.br\/portarias\/wp-json\/wp\/v2\/posts\/169246\/revisions"}],"predecessor-version":[{"id":208471,"href":"https:\/\/progepe.ufpr.br\/portarias\/wp-json\/wp\/v2\/posts\/169246\/revisions\/208471"}],"wp:attachment":[{"href":"https:\/\/progepe.ufpr.br\/portarias\/wp-json\/wp\/v2\/media?parent=169246"}],"wp:term":[{"taxonomy":"category","embeddable":true,"href":"https:\/\/progepe.ufpr.br\/portarias\/wp-json\/wp\/v2\/categories?post=169246"},{"taxonomy":"post_tag","embeddable":true,"href":"https:\/\/progepe.ufpr.br\/portarias\/wp-json\/wp\/v2\/tags?post=169246"}],"curies":[{"name":"wp","href":"https:\/\/api.w.org\/{rel}","templated":true}]}}