{"id":169261,"date":"2010-01-04T05:00:00","date_gmt":"2010-01-04T07:00:00","guid":{"rendered":"http:\/\/progepe.ufpr.br\/portarias\/rt-2010-00742\/"},"modified":"2023-07-31T17:26:42","modified_gmt":"2023-07-31T20:26:42","slug":"rt-2010-00742","status":"publish","type":"post","link":"https:\/\/progepe.ufpr.br\/portarias\/rt-2010-00742\/","title":{"rendered":"PORTARIA N\u00ba 00742\/REITORIA, DE 04 DE JANEIRO DE 2010"},"content":{"rendered":"\n<p>O Reitor da Universidade Federal do Paran\u00e1, no uso de suas atribui\u00e7\u00f5es e tendo em vista o que consta no processo n\u00ba 113793\/2009-02,<\/p>\n\n\n<p><strong>RESOLVE:<\/strong><\/p>\n\n\n<p>Designar, a partir de 07 de dezembro de 2009, em substitui\u00e7\u00e3o \u00e0 servidora ROSA MARIA ZAGONEL &#8211; 181773, como membro da Comiss\u00e3o Permanente para acompanhamento e avalia\u00e7\u00e3o do Plano de Metas Social e Racial da UFPR, institu\u00edda pela Portaria n\u00ba 1.831\/REITOR, de 27 de janeiro de 2006, a servidora ARIANNE CARVALHO &#8211; 151424, ocupante do cargo de Assistente Social, lotada Coordenadoria de Desenvolvimento Social da Pr\u00f3-Reitoria de Extens\u00e3o e Cultura.<\/p><p><\/p>\n\n\n<div style=\"height:15px\" aria-hidden=\"true\" class=\"wp-block-spacer\"><\/div>\n\n\n<div class=\"wp-block-buttons is-content-justification-right is-layout-flex wp-container-core-buttons-is-layout-1 wp-block-buttons-is-layout-flex\">\n<div class=\"wp-block-button has-custom-font-size is-style-outline has-small-font-size is-style-outline--1\"><a class=\"wp-block-button__link\" href=\"https:\/\/progepe.ufpr.br\/portarias\/wp-content\/uploads\/pcp\/RT\/2010\/742R.pdf\" style=\"border-radius:0px\" target=\"_blank\" rel=\"noreferrer noopener\">Acesse o arquivo da portaria<\/a><\/div><\/div>\n","protected":false},"excerpt":{"rendered":"<p>Designar, a partir de 07 de dezembro de 2009, em substitui\u00e7\u00e3o \u00e0 servidora ROSA MARIA ZAGONEL &#8211; 181773, como membro da Comiss\u00e3o Permanente para acompanhamento e avalia\u00e7\u00e3o do Plano de Metas Social e Racial da UFPR, institu\u00edda pela Portaria n\u00ba 1.831\/REITOR, de 27 de janeiro de 2006, a servidora ARIANNE CARVALHO &#8211; 151424, ocupante do cargo de Assistente Social, lotada Coordenadoria de Desenvolvimento Social da Pr\u00f3-Reitoria de Extens\u00e3o e Cultura.  {&#8220;height&#8221;:&#8221;15px&#8221;} <\/p>\n<div style=\"height:15px\" aria-hidden=\"true\" class=\"wp-block-spacer\"> <!-- \/wp:spacer  {\"layout\":{\"type\":\"flex\",\"justifyContent\":\"right\"}} \n\n<div class=\"wp-block-buttons\"><!-- wp:button {\"style\":{\"border\":{\"radius\":\"0px\"}},\"className\":\"is-style-outline\",\"fontSize\":\"small\"} \n\n<div class=\"wp-block-button has-custom-font-size is-style-outline has-small-font-size\"><a class=\"wp-block-button__link\" href=\"https:\/\/progepe.ufpr.br\/portarias\/wp-content\/uploads\/pcp\/RT\/2010\/742R.pdf\" style=\"border-radius:0px\" target=\"_blank\" rel=\"noreferrer noo\n<\/p>\n","protected":false},"author":41,"featured_media":0,"comment_status":"closed","ping_status":"closed","sticky":false,"template":"wp-custom-template-emissao-entre-01-05-2004-ate-30-06-2017","format":"standard","meta":{"_acf_changed":false,"iawp_total_views":1,"footnotes":""},"categories":[117],"tags":[124],"class_list":["post-169261","post","type-post","status-publish","format-standard","hentry","category-rt","tag-comissao"],"acf":[],"_links":{"self":[{"href":"https:\/\/progepe.ufpr.br\/portarias\/wp-json\/wp\/v2\/posts\/169261","targetHints":{"allow":["GET"]}}],"collection":[{"href":"https:\/\/progepe.ufpr.br\/portarias\/wp-json\/wp\/v2\/posts"}],"about":[{"href":"https:\/\/progepe.ufpr.br\/portarias\/wp-json\/wp\/v2\/types\/post"}],"author":[{"embeddable":true,"href":"https:\/\/progepe.ufpr.br\/portarias\/wp-json\/wp\/v2\/users\/41"}],"replies":[{"embeddable":true,"href":"https:\/\/progepe.ufpr.br\/portarias\/wp-json\/wp\/v2\/comments?post=169261"}],"version-history":[{"count":1,"href":"https:\/\/progepe.ufpr.br\/portarias\/wp-json\/wp\/v2\/posts\/169261\/revisions"}],"predecessor-version":[{"id":208486,"href":"https:\/\/progepe.ufpr.br\/portarias\/wp-json\/wp\/v2\/posts\/169261\/revisions\/208486"}],"wp:attachment":[{"href":"https:\/\/progepe.ufpr.br\/portarias\/wp-json\/wp\/v2\/media?parent=169261"}],"wp:term":[{"taxonomy":"category","embeddable":true,"href":"https:\/\/progepe.ufpr.br\/portarias\/wp-json\/wp\/v2\/categories?post=169261"},{"taxonomy":"post_tag","embeddable":true,"href":"https:\/\/progepe.ufpr.br\/portarias\/wp-json\/wp\/v2\/tags?post=169261"}],"curies":[{"name":"wp","href":"https:\/\/api.w.org\/{rel}","templated":true}]}}