{"id":169262,"date":"2010-01-04T05:01:00","date_gmt":"2010-01-04T07:01:00","guid":{"rendered":"http:\/\/progepe.ufpr.br\/portarias\/rt-2010-00743\/"},"modified":"2023-08-03T13:03:57","modified_gmt":"2023-08-03T16:03:57","slug":"rt-2010-00743","status":"publish","type":"post","link":"https:\/\/progepe.ufpr.br\/portarias\/rt-2010-00743\/","title":{"rendered":"PORTARIA N\u00ba 00743\/REITORIA, DE 04 DE JANEIRO DE 2010"},"content":{"rendered":"\n<p>O Reitor da Universidade Federal do Paran\u00e1, no uso de suas atribui\u00e7\u00f5es e tendo em vista o que consta no processo n\u00ba 114520\/2009-77,<\/p>\n\n\n<p><strong>RESOLVE:<\/strong><\/p>\n\n\n<p>Designar, tendo em vista o disposto no \u00a7 \u00danico do Art. 82 do Edital n\u00ba 06\/2009-NC, para compor a comiss\u00e3o de an\u00e1lise dos documentos dos candidatos que optaram pelas vagas de inclus\u00e3o social na UFPR e de an\u00e1lise dos documentos dos demais candidatos classificados no Processo Seletivo 2009\/2010, os seguintes membros: Presidente: ROBSON TADEU BOLZON &#8211; 126233 Membros: ACIR ROBERTO BLANC &#8211; 043532 ADRIANA CRISTINA WASUASKI RIECHTER &#8211; 126446 ANNA JUNGBLUTH &#8211; 181650 FERNANDA BARBOSA DE SOUZA &#8211; 200710 KELVY KADGE OLIVEIRA NOGUEIRA &#8211; 200686 LAIRDES FIGUEREDO CHEKE &#8211; 183547 MADLAINE CELIA DE LIMA &#8211; 090670 MARCIA REGINA NOGOCHALE BONETI &#8211; 187585 MARCO ANTONIO WEBER JORGE &#8211; 200738 MAURO FAGUNDES DE OLIVEIRA &#8211; 088757 MARINA LUPEPSO &#8211; 200636 RODRIGO ANTONIO MACHADO &#8211; 181617 ROSANGELA GEHRKE SEGER &#8211; 133574 SIMONE CRISTINE CAVALLARI &#8211; 180149 SIRLENE DAS NEVES &#8211; 083003 VANESSA SAKURAGUI &#8211; 200586<\/p><p><\/p>\n\n\n<div style=\"height:15px\" aria-hidden=\"true\" class=\"wp-block-spacer\"><\/div>\n\n\n<div class=\"wp-block-buttons is-content-justification-right is-layout-flex wp-container-core-buttons-is-layout-1 wp-block-buttons-is-layout-flex\">\n<div class=\"wp-block-button has-custom-font-size is-style-outline has-small-font-size is-style-outline--1\"><a class=\"wp-block-button__link\" href=\"https:\/\/progepe.ufpr.br\/portarias\/wp-content\/uploads\/pcp\/RT\/2010\/743R.pdf\" style=\"border-radius:0px\" target=\"_blank\" rel=\"noreferrer noopener\">Acesse o arquivo da portaria<\/a><\/div><\/div>\n","protected":false},"excerpt":{"rendered":"<p>Designar, tendo em vista o disposto no \u00a7 \u00danico do Art. 82 do Edital n\u00ba 06\/2009-NC, para compor a comiss\u00e3o de an\u00e1lise dos documentos dos candidatos que optaram pelas vagas de inclus\u00e3o social na UFPR e de an\u00e1lise dos documentos dos demais candidatos classificados no Processo Seletivo 2009\/2010, os seguintes membros: Presidente: ROBSON TADEU BOLZON &#8211; 126233 Membros: ACIR ROBERTO BLANC &#8211; 043532 ADRIANA CRISTINA WASUASKI RIECHTER &#8211; 126446 ANNA JUNGBLUTH &#8211; 181650 FERNANDA BARBOSA DE SOUZA &#8211; 200710 KELVY KADGE OLIVEIRA NOGUEIRA &#8211; 200686 LAIRDES FIGUEREDO CHEKE &#8211; 183547 MADLAINE CELIA DE LIMA &#8211; 090670 MARCIA REGINA<\/p>\n","protected":false},"author":41,"featured_media":0,"comment_status":"closed","ping_status":"closed","sticky":false,"template":"wp-custom-template-emissao-entre-01-05-2004-ate-30-06-2017","format":"standard","meta":{"_acf_changed":false,"iawp_total_views":5,"footnotes":""},"categories":[117],"tags":[124],"class_list":["post-169262","post","type-post","status-publish","format-standard","hentry","category-rt","tag-comissao"],"acf":[],"_links":{"self":[{"href":"https:\/\/progepe.ufpr.br\/portarias\/wp-json\/wp\/v2\/posts\/169262","targetHints":{"allow":["GET"]}}],"collection":[{"href":"https:\/\/progepe.ufpr.br\/portarias\/wp-json\/wp\/v2\/posts"}],"about":[{"href":"https:\/\/progepe.ufpr.br\/portarias\/wp-json\/wp\/v2\/types\/post"}],"author":[{"embeddable":true,"href":"https:\/\/progepe.ufpr.br\/portarias\/wp-json\/wp\/v2\/users\/41"}],"replies":[{"embeddable":true,"href":"https:\/\/progepe.ufpr.br\/portarias\/wp-json\/wp\/v2\/comments?post=169262"}],"version-history":[{"count":1,"href":"https:\/\/progepe.ufpr.br\/portarias\/wp-json\/wp\/v2\/posts\/169262\/revisions"}],"predecessor-version":[{"id":208487,"href":"https:\/\/progepe.ufpr.br\/portarias\/wp-json\/wp\/v2\/posts\/169262\/revisions\/208487"}],"wp:attachment":[{"href":"https:\/\/progepe.ufpr.br\/portarias\/wp-json\/wp\/v2\/media?parent=169262"}],"wp:term":[{"taxonomy":"category","embeddable":true,"href":"https:\/\/progepe.ufpr.br\/portarias\/wp-json\/wp\/v2\/categories?post=169262"},{"taxonomy":"post_tag","embeddable":true,"href":"https:\/\/progepe.ufpr.br\/portarias\/wp-json\/wp\/v2\/tags?post=169262"}],"curies":[{"name":"wp","href":"https:\/\/api.w.org\/{rel}","templated":true}]}}