{"id":169263,"date":"2010-01-04T05:02:00","date_gmt":"2010-01-04T07:02:00","guid":{"rendered":"http:\/\/progepe.ufpr.br\/portarias\/rt-2010-00744\/"},"modified":"2023-08-03T13:03:57","modified_gmt":"2023-08-03T16:03:57","slug":"rt-2010-00744","status":"publish","type":"post","link":"https:\/\/progepe.ufpr.br\/portarias\/rt-2010-00744\/","title":{"rendered":"PORTARIA N\u00ba 00744\/REITORIA, DE 04 DE JANEIRO DE 2010"},"content":{"rendered":"\n<p>O Reitor da Universidade Federal do Paran\u00e1, no uso de suas atribui\u00e7\u00f5es e tendo em vista o que consta no processo n\u00ba 114520\/2009-77,<\/p>\n\n\n<p><strong>RESOLVE:<\/strong><\/p>\n\n\n<p>Designar, tendo em vista o disposto no \u00a7 \u00danico do Art. 82 do Edital n\u00ba 06\/2009-NC, para compor a comiss\u00e3o de an\u00e1lise dos documentos dos candidatos que optaram pelas vagas de inclus\u00e3o racial no Processo Seletivo 2009\/2010, os seguintes membros: Presidente: MARCOS SILVA DA SILVEIRA &#8211; 180793 Vice-Presidente: WANIRLEY PEDROSO GUELFI &#8211; 124613 Membros: LAURA CERETTA MOREIRA &#8211; 144100 PAULO VINICIUS BAPTISTA DA SILVA &#8211; 135429 HILTON COSTA JOSE ANTONIO MAR\u00c7AL SERGIO LUIS NASCIMENTO TANIA PACIFICO VERIDIANE CINTIA ANTONIO LEANDRO DA SILVA FILHO JAIME TADEU DA SILVA MARIA JOSE DA SILVA NIVALDO DOS SANTOS ARRUDA Suplentes: ANA ELISA DE CASTRO FREITAS &#8211; 200894 DORA LUCIA DE LIMA BERTULIO &#8211; 168564 EDUARDO HARDER &#8211; 188441 ELSI DO ROCIO CARDOSO ALANO &#8211; 188816<\/p><p><\/p>\n\n\n<div style=\"height:15px\" aria-hidden=\"true\" class=\"wp-block-spacer\"><\/div>\n\n\n<div class=\"wp-block-buttons is-content-justification-right is-layout-flex wp-container-core-buttons-is-layout-1 wp-block-buttons-is-layout-flex\">\n<div class=\"wp-block-button has-custom-font-size is-style-outline has-small-font-size is-style-outline--1\"><a class=\"wp-block-button__link\" href=\"https:\/\/progepe.ufpr.br\/portarias\/wp-content\/uploads\/pcp\/RT\/2010\/744R.pdf\" style=\"border-radius:0px\" target=\"_blank\" rel=\"noreferrer noopener\">Acesse o arquivo da portaria<\/a><\/div><\/div>\n","protected":false},"excerpt":{"rendered":"<p>Designar, tendo em vista o disposto no \u00a7 \u00danico do Art. 82 do Edital n\u00ba 06\/2009-NC, para compor a comiss\u00e3o de an\u00e1lise dos documentos dos candidatos que optaram pelas vagas de inclus\u00e3o racial no Processo Seletivo 2009\/2010, os seguintes membros: Presidente: MARCOS SILVA DA SILVEIRA &#8211; 180793 Vice-Presidente: WANIRLEY PEDROSO GUELFI &#8211; 124613 Membros: LAURA CERETTA MOREIRA &#8211; 144100 PAULO VINICIUS BAPTISTA DA SILVA &#8211; 135429 HILTON COSTA JOSE ANTONIO MAR\u00c7AL SERGIO LUIS NASCIMENTO TANIA PACIFICO VERIDIANE CINTIA ANTONIO LEANDRO DA SILVA FILHO JAIME TADEU DA SILVA MARIA JOSE DA SILVA NIVALDO DOS SANTOS ARRUDA Suplentes: ANA ELISA<\/p>\n","protected":false},"author":41,"featured_media":0,"comment_status":"closed","ping_status":"closed","sticky":false,"template":"wp-custom-template-emissao-entre-01-05-2004-ate-30-06-2017","format":"standard","meta":{"_acf_changed":false,"iawp_total_views":4,"footnotes":""},"categories":[117],"tags":[124],"class_list":["post-169263","post","type-post","status-publish","format-standard","hentry","category-rt","tag-comissao"],"acf":[],"_links":{"self":[{"href":"https:\/\/progepe.ufpr.br\/portarias\/wp-json\/wp\/v2\/posts\/169263","targetHints":{"allow":["GET"]}}],"collection":[{"href":"https:\/\/progepe.ufpr.br\/portarias\/wp-json\/wp\/v2\/posts"}],"about":[{"href":"https:\/\/progepe.ufpr.br\/portarias\/wp-json\/wp\/v2\/types\/post"}],"author":[{"embeddable":true,"href":"https:\/\/progepe.ufpr.br\/portarias\/wp-json\/wp\/v2\/users\/41"}],"replies":[{"embeddable":true,"href":"https:\/\/progepe.ufpr.br\/portarias\/wp-json\/wp\/v2\/comments?post=169263"}],"version-history":[{"count":1,"href":"https:\/\/progepe.ufpr.br\/portarias\/wp-json\/wp\/v2\/posts\/169263\/revisions"}],"predecessor-version":[{"id":208488,"href":"https:\/\/progepe.ufpr.br\/portarias\/wp-json\/wp\/v2\/posts\/169263\/revisions\/208488"}],"wp:attachment":[{"href":"https:\/\/progepe.ufpr.br\/portarias\/wp-json\/wp\/v2\/media?parent=169263"}],"wp:term":[{"taxonomy":"category","embeddable":true,"href":"https:\/\/progepe.ufpr.br\/portarias\/wp-json\/wp\/v2\/categories?post=169263"},{"taxonomy":"post_tag","embeddable":true,"href":"https:\/\/progepe.ufpr.br\/portarias\/wp-json\/wp\/v2\/tags?post=169263"}],"curies":[{"name":"wp","href":"https:\/\/api.w.org\/{rel}","templated":true}]}}