{"id":169264,"date":"2010-01-04T05:03:00","date_gmt":"2010-01-04T07:03:00","guid":{"rendered":"http:\/\/progepe.ufpr.br\/portarias\/rt-2010-00745\/"},"modified":"2023-08-03T13:03:57","modified_gmt":"2023-08-03T16:03:57","slug":"rt-2010-00745","status":"publish","type":"post","link":"https:\/\/progepe.ufpr.br\/portarias\/rt-2010-00745\/","title":{"rendered":"PORTARIA N\u00ba 00745\/REITORIA, DE 04 DE JANEIRO DE 2010"},"content":{"rendered":"\n<p>O Reitor da Universidade Federal do Paran\u00e1, no uso de suas atribui\u00e7\u00f5es e tendo em vista o que consta no processo n\u00ba 114520\/2009-77,<\/p>\n\n\n<p><strong>RESOLVE:<\/strong><\/p>\n\n\n<p>Designar, tendo em vista o disposto no \u00a7 \u00danico do Art. 82 do Edital n\u00ba 06\/2009-NC, para compor a comiss\u00e3o de an\u00e1lise dos documentos dos candidatos que optaram pelas vagas de inclus\u00e3o social na UFPR e de an\u00e1lise dos documentos dos demais candidatos classificados no Processo Seletivo 2009\/2010, nos Cursos de Palotina, os seguintes membros: Presidente: VINICIUS CUNHA BARCELLOS &#8211; 159921 Membros: ACIR ROBERTO BLANC &#8211; 043532 ALESSANDRA SVONKA PALMEIRO &#8211; 201232 JOVANIR INES MULLER FERNANDES &#8211; 155101 LILIAN DENA DOS SANTOS &#8211; 201231 LUCIOLA THAIS BALDAN &#8211; 201224 MAURO FAGUNDES DE OLIVEIRA &#8211; 088757 NEIVAIR SPONCHIADO PASTORE &#8211; 139912 ROBSON TADEU BOLZON &#8211; 126233<\/p><p><\/p>\n\n\n<div style=\"height:15px\" aria-hidden=\"true\" class=\"wp-block-spacer\"><\/div>\n\n\n<div class=\"wp-block-buttons is-content-justification-right is-layout-flex wp-container-core-buttons-is-layout-1 wp-block-buttons-is-layout-flex\">\n<div class=\"wp-block-button has-custom-font-size is-style-outline has-small-font-size is-style-outline--1\"><a class=\"wp-block-button__link\" href=\"https:\/\/progepe.ufpr.br\/portarias\/wp-content\/uploads\/pcp\/RT\/2010\/745R.pdf\" style=\"border-radius:0px\" target=\"_blank\" rel=\"noreferrer noopener\">Acesse o arquivo da portaria<\/a><\/div><\/div>\n","protected":false},"excerpt":{"rendered":"<p>Designar, tendo em vista o disposto no \u00a7 \u00danico do Art. 82 do Edital n\u00ba 06\/2009-NC, para compor a comiss\u00e3o de an\u00e1lise dos documentos dos candidatos que optaram pelas vagas de inclus\u00e3o social na UFPR e de an\u00e1lise dos documentos dos demais candidatos classificados no Processo Seletivo 2009\/2010, nos Cursos de Palotina, os seguintes membros: Presidente: VINICIUS CUNHA BARCELLOS &#8211; 159921 Membros: ACIR ROBERTO BLANC &#8211; 043532 ALESSANDRA SVONKA PALMEIRO &#8211; 201232 JOVANIR INES MULLER FERNANDES &#8211; 155101 LILIAN DENA DOS SANTOS &#8211; 201231 LUCIOLA THAIS BALDAN &#8211; 201224 MAURO FAGUNDES DE OLIVEIRA &#8211; 088757 NEIVAIR SPONCHIADO PASTORE<\/p>\n","protected":false},"author":41,"featured_media":0,"comment_status":"closed","ping_status":"closed","sticky":false,"template":"wp-custom-template-emissao-entre-01-05-2004-ate-30-06-2017","format":"standard","meta":{"_acf_changed":false,"iawp_total_views":0,"footnotes":""},"categories":[117],"tags":[124],"class_list":["post-169264","post","type-post","status-publish","format-standard","hentry","category-rt","tag-comissao"],"acf":[],"_links":{"self":[{"href":"https:\/\/progepe.ufpr.br\/portarias\/wp-json\/wp\/v2\/posts\/169264","targetHints":{"allow":["GET"]}}],"collection":[{"href":"https:\/\/progepe.ufpr.br\/portarias\/wp-json\/wp\/v2\/posts"}],"about":[{"href":"https:\/\/progepe.ufpr.br\/portarias\/wp-json\/wp\/v2\/types\/post"}],"author":[{"embeddable":true,"href":"https:\/\/progepe.ufpr.br\/portarias\/wp-json\/wp\/v2\/users\/41"}],"replies":[{"embeddable":true,"href":"https:\/\/progepe.ufpr.br\/portarias\/wp-json\/wp\/v2\/comments?post=169264"}],"version-history":[{"count":1,"href":"https:\/\/progepe.ufpr.br\/portarias\/wp-json\/wp\/v2\/posts\/169264\/revisions"}],"predecessor-version":[{"id":208489,"href":"https:\/\/progepe.ufpr.br\/portarias\/wp-json\/wp\/v2\/posts\/169264\/revisions\/208489"}],"wp:attachment":[{"href":"https:\/\/progepe.ufpr.br\/portarias\/wp-json\/wp\/v2\/media?parent=169264"}],"wp:term":[{"taxonomy":"category","embeddable":true,"href":"https:\/\/progepe.ufpr.br\/portarias\/wp-json\/wp\/v2\/categories?post=169264"},{"taxonomy":"post_tag","embeddable":true,"href":"https:\/\/progepe.ufpr.br\/portarias\/wp-json\/wp\/v2\/tags?post=169264"}],"curies":[{"name":"wp","href":"https:\/\/api.w.org\/{rel}","templated":true}]}}