{"id":169389,"date":"2010-12-01T05:00:00","date_gmt":"2010-12-01T07:00:00","guid":{"rendered":"http:\/\/progepe.ufpr.br\/portarias\/rt-2010-01279\/"},"modified":"2023-07-31T17:26:55","modified_gmt":"2023-07-31T20:26:55","slug":"rt-2010-01279","status":"publish","type":"post","link":"https:\/\/progepe.ufpr.br\/portarias\/rt-2010-01279\/","title":{"rendered":"PORTARIA N\u00ba 01279\/REITORIA, DE 01 DE DEZEMBRO DE 2010"},"content":{"rendered":"\n<p>O Vice-Reitor da Universidade Federal do Paran\u00e1, no exerc\u00edcio do cargo de Reitor, no uso de suas atribui\u00e7\u00f5es e tendo em vista o que consta no processo n\u00ba 040896\/2010-71,<\/p>\n\n\n<p><strong>RESOLVE:<\/strong><\/p>\n\n\n<p>I. Convalidar, o exerc\u00edcio do cargo de Coordenador do Curso Superior de Tecnologia em Neg\u00f3cios Imobili\u00e1rios, FG-01, do Setor de Educa\u00e7\u00e3o Profissional e Tecnol\u00f3gica, \u00e0 professora MARLENE SKOLIMOWSKI DA SILVA LEMES &#8211; 131300, Docente do Ensino B\u00e1sico, T\u00e9cnico e Tecnol\u00f3gico, no regime de trabalho de dedica\u00e7\u00e3o exclusiva, no per\u00edodo de 05 de dezembro de 2009 a 25 de maio de 2010.<\/p><p><\/p>\n\n\n<div style=\"height:15px\" aria-hidden=\"true\" class=\"wp-block-spacer\"><\/div>\n\n\n<div class=\"wp-block-buttons is-content-justification-right is-layout-flex wp-container-core-buttons-is-layout-1 wp-block-buttons-is-layout-flex\">\n<div class=\"wp-block-button has-custom-font-size is-style-outline has-small-font-size is-style-outline--1\"><a class=\"wp-block-button__link\" href=\"https:\/\/progepe.ufpr.br\/portarias\/wp-content\/uploads\/pcp\/RT\/2010\/1279R.pdf\" style=\"border-radius:0px\" target=\"_blank\" rel=\"noreferrer noopener\">Acesse o arquivo da portaria<\/a><\/div><\/div>\n","protected":false},"excerpt":{"rendered":"<p>I. Convalidar, o exerc\u00edcio do cargo de Coordenador do Curso Superior de Tecnologia em Neg\u00f3cios Imobili\u00e1rios, FG-01, do Setor de Educa\u00e7\u00e3o Profissional e Tecnol\u00f3gica, \u00e0 professora MARLENE SKOLIMOWSKI DA SILVA LEMES &#8211; 131300, Docente do Ensino B\u00e1sico, T\u00e9cnico e Tecnol\u00f3gico, no regime de trabalho de dedica\u00e7\u00e3o exclusiva, no per\u00edodo de 05 de dezembro de 2009 a 25 de maio de 2010.  {&#8220;height&#8221;:&#8221;15px&#8221;} <\/p>\n<div style=\"height:15px\" aria-hidden=\"true\" class=\"wp-block-spacer\"> <!-- \/wp:spacer  {\"layout\":{\"type\":\"flex\",\"justifyContent\":\"right\"}} \n\n<div class=\"wp-block-buttons\"><!-- wp:button {\"style\":{\"border\":{\"radius\":\"0px\"}},\"className\":\"is-style-outline\",\"fontSize\":\"small\"} \n\n<div class=\"wp-block-button has-custom-font-size is-style-outline has-small-font-size\"><a class=\"wp-block-button__link\" href=\"https:\/\/progepe.ufpr.br\/portarias\/wp-content\/uploads\/pcp\/RT\/2010\/1279R.pdf\" style=\"border-radius:0px\" target=\"_blank\" rel=\"noreferrer noopener\">Acesse o arquivo da portaria<\/a><!-- \/wp:button <!-- \/wp:butt\n<\/p>\n","protected":false},"author":41,"featured_media":0,"comment_status":"closed","ping_status":"closed","sticky":false,"template":"wp-custom-template-emissao-entre-01-05-2004-ate-30-06-2017","format":"standard","meta":{"_acf_changed":false,"iawp_total_views":0,"footnotes":""},"categories":[117],"tags":[243],"class_list":["post-169389","post","type-post","status-publish","format-standard","hentry","category-rt","tag-coordenador-vice"],"acf":[],"_links":{"self":[{"href":"https:\/\/progepe.ufpr.br\/portarias\/wp-json\/wp\/v2\/posts\/169389","targetHints":{"allow":["GET"]}}],"collection":[{"href":"https:\/\/progepe.ufpr.br\/portarias\/wp-json\/wp\/v2\/posts"}],"about":[{"href":"https:\/\/progepe.ufpr.br\/portarias\/wp-json\/wp\/v2\/types\/post"}],"author":[{"embeddable":true,"href":"https:\/\/progepe.ufpr.br\/portarias\/wp-json\/wp\/v2\/users\/41"}],"replies":[{"embeddable":true,"href":"https:\/\/progepe.ufpr.br\/portarias\/wp-json\/wp\/v2\/comments?post=169389"}],"version-history":[{"count":1,"href":"https:\/\/progepe.ufpr.br\/portarias\/wp-json\/wp\/v2\/posts\/169389\/revisions"}],"predecessor-version":[{"id":208614,"href":"https:\/\/progepe.ufpr.br\/portarias\/wp-json\/wp\/v2\/posts\/169389\/revisions\/208614"}],"wp:attachment":[{"href":"https:\/\/progepe.ufpr.br\/portarias\/wp-json\/wp\/v2\/media?parent=169389"}],"wp:term":[{"taxonomy":"category","embeddable":true,"href":"https:\/\/progepe.ufpr.br\/portarias\/wp-json\/wp\/v2\/categories?post=169389"},{"taxonomy":"post_tag","embeddable":true,"href":"https:\/\/progepe.ufpr.br\/portarias\/wp-json\/wp\/v2\/tags?post=169389"}],"curies":[{"name":"wp","href":"https:\/\/api.w.org\/{rel}","templated":true}]}}