{"id":169540,"date":"2010-06-08T05:02:00","date_gmt":"2010-06-08T08:02:00","guid":{"rendered":"http:\/\/progepe.ufpr.br\/portarias\/rt-2010-00959\/"},"modified":"2023-08-03T13:04:15","modified_gmt":"2023-08-03T16:04:15","slug":"rt-2010-00959","status":"publish","type":"post","link":"https:\/\/progepe.ufpr.br\/portarias\/rt-2010-00959\/","title":{"rendered":"PORTARIA N\u00ba 00959\/REITORIA, DE 08 DE JUNHO DE 2010"},"content":{"rendered":"\n<p>O Reitor da Universidade Federal do Paran\u00e1, no uso de suas atribui\u00e7\u00f5es e tendo em vista o que consta no processo n\u00ba 036307\/2008-36,<\/p>\n\n\n<p><strong>RESOLVE:<\/strong><\/p>\n\n\n<p>I. Tornar sem efeito a Portaria n\u00ba 912\/REITOR, de 04 de maio de 2010.<\/p><p> II. Alterar, a partir de 05 de fevereiro de 2010, a lota\u00e7\u00e3o da Professora SIGRID DE MENDON\u00c7A ANDERSEN &#8211; 188425, classe Adjunto, no regime de trabalho de dedica\u00e7\u00e3o exclusiva, do Setor Litoral para a Pr\u00f3-Reitoria de Gest\u00e3o de Pessoas, at\u00e9 defini\u00e7\u00e3o ou n\u00e3o do nexo causal alegado pela mesma e sua alta m\u00e9dica subseq\u00fcente, pelo Servi\u00e7o de Avalia\u00e7\u00e3o e Per\u00edcia de Sa\u00fade &#8211; SAPS.<\/p><p><\/p>\n\n\n<div style=\"height:15px\" aria-hidden=\"true\" class=\"wp-block-spacer\"><\/div>\n\n\n<div class=\"wp-block-buttons is-content-justification-right is-layout-flex wp-container-core-buttons-is-layout-1 wp-block-buttons-is-layout-flex\">\n<div class=\"wp-block-button has-custom-font-size is-style-outline has-small-font-size is-style-outline--1\"><a class=\"wp-block-button__link\" href=\"https:\/\/progepe.ufpr.br\/portarias\/wp-content\/uploads\/pcp\/RT\/2010\/959R.pdf\" style=\"border-radius:0px\" target=\"_blank\" rel=\"noreferrer noopener\">Acesse o arquivo da portaria<\/a><\/div><\/div>\n","protected":false},"excerpt":{"rendered":"<p>I. Tornar sem efeito a Portaria n\u00ba 912\/REITOR, de 04 de maio de 2010. II. Alterar, a partir de 05 de fevereiro de 2010, a lota\u00e7\u00e3o da Professora SIGRID DE MENDON\u00c7A ANDERSEN &#8211; 188425, classe Adjunto, no regime de trabalho de dedica\u00e7\u00e3o exclusiva, do Setor Litoral para a Pr\u00f3-Reitoria de Gest\u00e3o de Pessoas, at\u00e9 defini\u00e7\u00e3o ou n\u00e3o do nexo causal alegado pela mesma e sua alta m\u00e9dica subseq\u00fcente, pelo Servi\u00e7o de Avalia\u00e7\u00e3o e Per\u00edcia de Sa\u00fade &#8211; SAPS.  {&#8220;height&#8221;:&#8221;15px&#8221;} <\/p>\n<div style=\"height:15px\" aria-hidden=\"true\" class=\"wp-block-spacer\"> <!-- \/wp:spacer  {\"layout\":{\"type\":\"flex\",\"justifyContent\":\"right\"}} \n\n<div class=\"wp-block-buttons\"><!-- wp:button {\"style\":{\"border\":{\"radius\":\"0px\"}},\"className\":\"is-style-outline\",\"fontSize\":\"small\"} \n\n<div class=\"wp-block-button has-custom-font-size is-style-outline has-small-font-size\"><a class=\"wp-block-button__link\"\n<\/p>\n","protected":false},"author":41,"featured_media":0,"comment_status":"closed","ping_status":"closed","sticky":false,"template":"wp-custom-template-emissao-entre-01-05-2004-ate-30-06-2017","format":"standard","meta":{"_acf_changed":false,"iawp_total_views":0,"footnotes":""},"categories":[117],"tags":[119],"class_list":["post-169540","post","type-post","status-publish","format-standard","hentry","category-rt","tag-diversos"],"acf":[],"_links":{"self":[{"href":"https:\/\/progepe.ufpr.br\/portarias\/wp-json\/wp\/v2\/posts\/169540","targetHints":{"allow":["GET"]}}],"collection":[{"href":"https:\/\/progepe.ufpr.br\/portarias\/wp-json\/wp\/v2\/posts"}],"about":[{"href":"https:\/\/progepe.ufpr.br\/portarias\/wp-json\/wp\/v2\/types\/post"}],"author":[{"embeddable":true,"href":"https:\/\/progepe.ufpr.br\/portarias\/wp-json\/wp\/v2\/users\/41"}],"replies":[{"embeddable":true,"href":"https:\/\/progepe.ufpr.br\/portarias\/wp-json\/wp\/v2\/comments?post=169540"}],"version-history":[{"count":1,"href":"https:\/\/progepe.ufpr.br\/portarias\/wp-json\/wp\/v2\/posts\/169540\/revisions"}],"predecessor-version":[{"id":208765,"href":"https:\/\/progepe.ufpr.br\/portarias\/wp-json\/wp\/v2\/posts\/169540\/revisions\/208765"}],"wp:attachment":[{"href":"https:\/\/progepe.ufpr.br\/portarias\/wp-json\/wp\/v2\/media?parent=169540"}],"wp:term":[{"taxonomy":"category","embeddable":true,"href":"https:\/\/progepe.ufpr.br\/portarias\/wp-json\/wp\/v2\/categories?post=169540"},{"taxonomy":"post_tag","embeddable":true,"href":"https:\/\/progepe.ufpr.br\/portarias\/wp-json\/wp\/v2\/tags?post=169540"}],"curies":[{"name":"wp","href":"https:\/\/api.w.org\/{rel}","templated":true}]}}