{"id":169593,"date":"2010-12-15T05:04:00","date_gmt":"2010-12-15T07:04:00","guid":{"rendered":"http:\/\/progepe.ufpr.br\/portarias\/rt-2010-01308\/"},"modified":"2023-08-03T13:04:48","modified_gmt":"2023-08-03T16:04:48","slug":"rt-2010-01308","status":"publish","type":"post","link":"https:\/\/progepe.ufpr.br\/portarias\/rt-2010-01308\/","title":{"rendered":"PORTARIA N\u00ba 01308\/REITORIA, DE 15 DE DEZEMBRO DE 2010"},"content":{"rendered":"\n<p>O Reitor da Universidade Federal do Paran\u00e1, no uso de suas atribui\u00e7\u00f5es, tendo em vista o que consta no artigo 9\u00ba, inciso II da Lei n\u00ba 8.112\/90, e ainda o contido no processo n\u00ba 009302\/2010-55,<\/p>\n\n\n<p><strong>RESOLVE:<\/strong><\/p>\n\n\n<p>I. Designar, no per\u00edodo de 01 de setembro a 04 de novembro 2010, o servidor CARLOS EURICO GALV\u00c3O ROSA &#8211; 201550, CPF n\u00ba \u275a\u275a\u275a.\u275a\u275a\u275a.\u275a\u275a\u275a-\u275a\u275a, assistente em administra\u00e7\u00e3o, para exercer o cargo de confian\u00e7a de Diretor M\u00e9dico, CD-04, do Hospital de Cl\u00ednicas, autorizado pela Medida Provis\u00f3ria n\u00ba 1.534\/96, regulamentada pela Portaria Interministerial n\u00ba 1.407\/96-MEC\/MARE.<\/p><p> II. O citado servidor atuar\u00e1 neste cargo, exercendo a fun\u00e7\u00e3o de Assistente Financeiro do Setor de Educa\u00e7\u00e3o Profissional e Tecnol\u00f3gico e cumprir\u00e1, obrigatoriamente, o regime de trabalho de tempo integral, de acordo com o disposto no \u00a7 5\uf0b0, artigo 1\uf0b0 da Lei n\uf0b0 8.168\/91.<\/p><p><\/p>\n\n\n<div style=\"height:15px\" aria-hidden=\"true\" class=\"wp-block-spacer\"><\/div>\n\n\n<div class=\"wp-block-buttons is-content-justification-right is-layout-flex wp-container-core-buttons-is-layout-1 wp-block-buttons-is-layout-flex\">\n<div class=\"wp-block-button has-custom-font-size is-style-outline has-small-font-size is-style-outline--1\"><a class=\"wp-block-button__link\" href=\"https:\/\/progepe.ufpr.br\/portarias\/wp-content\/uploads\/pcp\/RT\/2010\/1308R.pdf\" style=\"border-radius:0px\" target=\"_blank\" rel=\"noreferrer noopener\">Acesse o arquivo da portaria<\/a><\/div><\/div>\n","protected":false},"excerpt":{"rendered":"<p>I. Designar, no per\u00edodo de 01 de setembro a 04 de novembro 2010, o servidor CARLOS EURICO GALV\u00c3O ROSA &#8211; 201550, CPF n\u00ba \u275a\u275a\u275a.\u275a\u275a\u275a.\u275a\u275a\u275a-\u275a\u275a, assistente em administra\u00e7\u00e3o, para exercer o cargo de confian\u00e7a de Diretor M\u00e9dico, CD-04, do Hospital de Cl\u00ednicas, autorizado pela Medida Provis\u00f3ria n\u00ba 1.534\/96, regulamentada pela Portaria Interministerial n\u00ba 1.407\/96-MEC\/MARE. II. O citado servidor atuar\u00e1 neste cargo, exercendo a fun\u00e7\u00e3o de Assistente Financeiro do Setor de Educa\u00e7\u00e3o Profissional e Tecnol\u00f3gico e cumprir\u00e1, obrigatoriamente, o regime de trabalho de tempo integral, de acordo com o disposto no \u00a7 5\uf0b0, artigo 1\uf0b0 da Lei n\uf0b0 8.168\/91.<\/p>\n","protected":false},"author":41,"featured_media":0,"comment_status":"closed","ping_status":"closed","sticky":false,"template":"wp-custom-template-emissao-entre-01-05-2004-ate-30-06-2017","format":"standard","meta":{"_acf_changed":false,"iawp_total_views":0,"footnotes":""},"categories":[117],"tags":[120],"class_list":["post-169593","post","type-post","status-publish","format-standard","hentry","category-rt","tag-funcao"],"acf":[],"_links":{"self":[{"href":"https:\/\/progepe.ufpr.br\/portarias\/wp-json\/wp\/v2\/posts\/169593","targetHints":{"allow":["GET"]}}],"collection":[{"href":"https:\/\/progepe.ufpr.br\/portarias\/wp-json\/wp\/v2\/posts"}],"about":[{"href":"https:\/\/progepe.ufpr.br\/portarias\/wp-json\/wp\/v2\/types\/post"}],"author":[{"embeddable":true,"href":"https:\/\/progepe.ufpr.br\/portarias\/wp-json\/wp\/v2\/users\/41"}],"replies":[{"embeddable":true,"href":"https:\/\/progepe.ufpr.br\/portarias\/wp-json\/wp\/v2\/comments?post=169593"}],"version-history":[{"count":1,"href":"https:\/\/progepe.ufpr.br\/portarias\/wp-json\/wp\/v2\/posts\/169593\/revisions"}],"predecessor-version":[{"id":208818,"href":"https:\/\/progepe.ufpr.br\/portarias\/wp-json\/wp\/v2\/posts\/169593\/revisions\/208818"}],"wp:attachment":[{"href":"https:\/\/progepe.ufpr.br\/portarias\/wp-json\/wp\/v2\/media?parent=169593"}],"wp:term":[{"taxonomy":"category","embeddable":true,"href":"https:\/\/progepe.ufpr.br\/portarias\/wp-json\/wp\/v2\/categories?post=169593"},{"taxonomy":"post_tag","embeddable":true,"href":"https:\/\/progepe.ufpr.br\/portarias\/wp-json\/wp\/v2\/tags?post=169593"}],"curies":[{"name":"wp","href":"https:\/\/api.w.org\/{rel}","templated":true}]}}