{"id":169627,"date":"2010-06-08T05:01:00","date_gmt":"2010-06-08T08:01:00","guid":{"rendered":"http:\/\/progepe.ufpr.br\/portarias\/rt-2010-00958\/"},"modified":"2023-08-03T13:04:15","modified_gmt":"2023-08-03T16:04:15","slug":"rt-2010-00958","status":"publish","type":"post","link":"https:\/\/progepe.ufpr.br\/portarias\/rt-2010-00958\/","title":{"rendered":"PORTARIA N\u00ba 00958\/REITORIA, DE 08 DE JUNHO DE 2010"},"content":{"rendered":"\n<p>O Reitor da Universidade Federal do Paran\u00e1, no uso de suas atribui\u00e7\u00f5es considerando o que consta no artigo 9\u00ba, inciso II da Lei n\u00ba 8.112\/90 e tendo em vista o que consta no processo n\u00ba 024966\/2010-44,<\/p>\n\n\n<p><strong>RESOLVE:<\/strong><\/p>\n\n\n<p>I. Designar, MARCELLO IACOMINI \u2013 190993, CPF n\u00ba \u275a\u275a\u275a.\u275a\u275a\u275a.\u275a\u275a\u275a-\u275a\u275a, para exercer o cargo de confian\u00e7a de Auditor Geral da UFPR, CD-04, da Pr\u00f3- Reitoria de Administra\u00e7\u00e3o, a partir de 25 de maio de 2010 at\u00e9 a nomea\u00e7\u00e3o dos novos eleitos.<\/p><p> II. O citado servidor atuar\u00e1 neste cargo, exercendo a fun\u00e7\u00e3o de Ouvidor Geral da Universidade Federal do Paran\u00e1 e cumprir\u00e1, obrigatoriamente, o regime de trabalho de tempo integral, de acordo com o disposto no \u00a7 5\u00ba, artigo 1\u00ba da Lei n\u00ba 8.168\/91.<\/p><p><\/p>\n\n\n<div style=\"height:15px\" aria-hidden=\"true\" class=\"wp-block-spacer\"><\/div>\n\n\n<div class=\"wp-block-buttons is-content-justification-right is-layout-flex wp-container-core-buttons-is-layout-1 wp-block-buttons-is-layout-flex\">\n<div class=\"wp-block-button has-custom-font-size is-style-outline has-small-font-size is-style-outline--1\"><a class=\"wp-block-button__link\" href=\"https:\/\/progepe.ufpr.br\/portarias\/wp-content\/uploads\/pcp\/RT\/2010\/958R.pdf\" style=\"border-radius:0px\" target=\"_blank\" rel=\"noreferrer noopener\">Acesse o arquivo da portaria<\/a><\/div><\/div>\n","protected":false},"excerpt":{"rendered":"<p>I. Designar, MARCELLO IACOMINI \u2013 190993, CPF n\u00ba \u275a\u275a\u275a.\u275a\u275a\u275a.\u275a\u275a\u275a-\u275a\u275a, para exercer o cargo de confian\u00e7a de Auditor Geral da UFPR, CD-04, da Pr\u00f3- Reitoria de Administra\u00e7\u00e3o, a partir de 25 de maio de 2010 at\u00e9 a nomea\u00e7\u00e3o dos novos eleitos. II. O citado servidor atuar\u00e1 neste cargo, exercendo a fun\u00e7\u00e3o de Ouvidor Geral da Universidade Federal do Paran\u00e1 e cumprir\u00e1, obrigatoriamente, o regime de trabalho de tempo integral, de acordo com o disposto no \u00a7 5\u00ba, artigo 1\u00ba da Lei n\u00ba 8.168\/91.  {&#8220;height&#8221;:&#8221;15px&#8221;} <\/p>\n<div style=\"height:15px\" aria-hidden=\"true\" class=\"wp-block-spacer\"> <!-- \/wp:spacer  {\"layout\":{\"type\":\"flex\",\"justifyContent\":\"right\"}} \n\n<div class=\"wp-block-buttons\"><!-- wp:button {\"style\":{\"border\":{\"radius\":\"0px\"}},\"className\":\"is-style-outline\",\"fontSize\":\"small\"} \n\n<div class=\"wp-block-button \n\n","protected":false},"author":41,"featured_media":0,"comment_status":"closed","ping_status":"closed","sticky":false,"template":"wp-custom-template-emissao-entre-01-05-2004-ate-30-06-2017","format":"standard","meta":{"_acf_changed":false,"iawp_total_views":0,"footnotes":""},"categories":[117],"tags":[120],"class_list":["post-169627","post","type-post","status-publish","format-standard","hentry","category-rt","tag-funcao"],"acf":[],"_links":{"self":[{"href":"https:\/\/progepe.ufpr.br\/portarias\/wp-json\/wp\/v2\/posts\/169627","targetHints":{"allow":["GET"]}}],"collection":[{"href":"https:\/\/progepe.ufpr.br\/portarias\/wp-json\/wp\/v2\/posts"}],"about":[{"href":"https:\/\/progepe.ufpr.br\/portarias\/wp-json\/wp\/v2\/types\/post"}],"author":[{"embeddable":true,"href":"https:\/\/progepe.ufpr.br\/portarias\/wp-json\/wp\/v2\/users\/41"}],"replies":[{"embeddable":true,"href":"https:\/\/progepe.ufpr.br\/portarias\/wp-json\/wp\/v2\/comments?post=169627"}],"version-history":[{"count":1,"href":"https:\/\/progepe.ufpr.br\/portarias\/wp-json\/wp\/v2\/posts\/169627\/revisions"}],"predecessor-version":[{"id":208852,"href":"https:\/\/progepe.ufpr.br\/portarias\/wp-json\/wp\/v2\/posts\/169627\/revisions\/208852"}],"wp:attachment":[{"href":"https:\/\/progepe.ufpr.br\/portarias\/wp-json\/wp\/v2\/media?parent=169627"}],"wp:term":[{"taxonomy":"category","embeddable":true,"href":"https:\/\/progepe.ufpr.br\/portarias\/wp-json\/wp\/v2\/categories?post=169627"},{"taxonomy":"post_tag","embeddable":true,"href":"https:\/\/progepe.ufpr.br\/portarias\/wp-json\/wp\/v2\/tags?post=169627"}],"curies":[{"name":"wp","href":"https:\/\/api.w.org\/{rel}","templated":true}]}}