{"id":169660,"date":"2010-09-29T05:03:00","date_gmt":"2010-09-29T08:03:00","guid":{"rendered":"http:\/\/progepe.ufpr.br\/portarias\/rt-2010-01167\/"},"modified":"2023-08-03T13:04:35","modified_gmt":"2023-08-03T16:04:35","slug":"rt-2010-01167","status":"publish","type":"post","link":"https:\/\/progepe.ufpr.br\/portarias\/rt-2010-01167\/","title":{"rendered":"PORTARIA N\u00ba 01167\/REITORIA, DE 29 DE SETEMBRO DE 2010"},"content":{"rendered":"\n<p>O Reitor da Universidade Federal do Paran\u00e1, no uso de suas atribui\u00e7\u00f5es e tendo em vista o que consta no processo n\u00ba 041730\/2010-72,<\/p>\n\n\n<p><strong>RESOLVE:<\/strong><\/p>\n\n\n<p>Designar os docentes abaixo relacionados, como representantes dos N\u00facleos Disciplinares da Universidade Federal do Paran\u00e1 junto a Associa\u00e7\u00e3o das Universidades do Grupo de Montevid\u00e9u &#8211; AUGM: NOME  DO RESPONSAVEL TEMA CARLOS MAURICIO LEPIENSKI &#8211; 69256 Ci\u00eancia e Engenharia de Materiais TANIA STOLTZ \u2013 138681 Educa\u00e7\u00e3o para a Integra\u00e7\u00e3o ETTIENE CORDEIRO GUERIOS &#8211; 92452 PAULO DE TARSO DA CUNHA CHAVES &#8211; 102601 Evolu\u00e7\u00e3o Institucional, Planejamento Estrat\u00e9gico e Gest\u00e3o Universit\u00e1ria ADRIANA DE PAULA LACERDA SANTOS &#8211; 188042  Engenharia Mec\u00e2nica e da Produ\u00e7\u00e3o TOMOE NAKASHIMA \u2013 51900 Produtos Naturais Bioativos  e suas Aplica\u00e7\u00f5es CARLOS RICARDO SOCCOL \u2013 71080 HIGIDIO PORTILLO OQUENDO Matem\u00e1tica Aplicada LUIZ PEREIRA RAMOS &#8211; 94161 Qu\u00edmica HIDEO ARAKI &#8211; 101770 Sensoriamento Remoto e Meteorologia  Aplicada MEIRE BORDIGNON NOGUEIRA &#8211; 158429 Virologia  Molecular TERUMI KOTO BONNET VILLALBA -105970 Ensino de Portugu\u00eas e  Espanhol como L\u00edngua Estrangeira MARIA TARCISA SILVA BEGA &#8211; 105619 C\u00e1tedra da Cultura da Paz JOSE ANTONIO PERES GEDIEL &#8211; 202082 Direitos Humanos: C\u00e1tedra Sergio Viera de Mello<\/p><p><\/p>\n\n\n<div style=\"height:15px\" aria-hidden=\"true\" class=\"wp-block-spacer\"><\/div>\n\n\n<div class=\"wp-block-buttons is-content-justification-right is-layout-flex wp-container-core-buttons-is-layout-1 wp-block-buttons-is-layout-flex\">\n<div class=\"wp-block-button has-custom-font-size is-style-outline has-small-font-size is-style-outline--1\"><a class=\"wp-block-button__link\" href=\"https:\/\/progepe.ufpr.br\/portarias\/wp-content\/uploads\/pcp\/RT\/2010\/1167R.pdf\" style=\"border-radius:0px\" target=\"_blank\" rel=\"noreferrer noopener\">Acesse o arquivo da portaria<\/a><\/div><\/div>\n","protected":false},"excerpt":{"rendered":"<p>Designar os docentes abaixo relacionados, como representantes dos N\u00facleos Disciplinares da Universidade Federal do Paran\u00e1 junto a Associa\u00e7\u00e3o das Universidades do Grupo de Montevid\u00e9u &#8211; AUGM: NOME DO RESPONSAVEL TEMA CARLOS MAURICIO LEPIENSKI &#8211; 69256 Ci\u00eancia e Engenharia de Materiais TANIA STOLTZ \u2013 138681 Educa\u00e7\u00e3o para a Integra\u00e7\u00e3o ETTIENE CORDEIRO GUERIOS &#8211; 92452 PAULO DE TARSO DA CUNHA CHAVES &#8211; 102601 Evolu\u00e7\u00e3o Institucional, Planejamento Estrat\u00e9gico e Gest\u00e3o Universit\u00e1ria ADRIANA DE PAULA LACERDA SANTOS &#8211; 188042 Engenharia Mec\u00e2nica e da Produ\u00e7\u00e3o TOMOE NAKASHIMA \u2013 51900 Produtos Naturais Bioativos e suas Aplica\u00e7\u00f5es CARLOS RICARDO SOCCOL \u2013 71080 HIGIDIO PORTILLO OQUENDO<\/p>\n","protected":false},"author":41,"featured_media":0,"comment_status":"closed","ping_status":"closed","sticky":false,"template":"wp-custom-template-emissao-entre-01-05-2004-ate-30-06-2017","format":"standard","meta":{"_acf_changed":false,"iawp_total_views":0,"footnotes":""},"categories":[117],"tags":[126],"class_list":["post-169660","post","type-post","status-publish","format-standard","hentry","category-rt","tag-representante"],"acf":[],"_links":{"self":[{"href":"https:\/\/progepe.ufpr.br\/portarias\/wp-json\/wp\/v2\/posts\/169660","targetHints":{"allow":["GET"]}}],"collection":[{"href":"https:\/\/progepe.ufpr.br\/portarias\/wp-json\/wp\/v2\/posts"}],"about":[{"href":"https:\/\/progepe.ufpr.br\/portarias\/wp-json\/wp\/v2\/types\/post"}],"author":[{"embeddable":true,"href":"https:\/\/progepe.ufpr.br\/portarias\/wp-json\/wp\/v2\/users\/41"}],"replies":[{"embeddable":true,"href":"https:\/\/progepe.ufpr.br\/portarias\/wp-json\/wp\/v2\/comments?post=169660"}],"version-history":[{"count":1,"href":"https:\/\/progepe.ufpr.br\/portarias\/wp-json\/wp\/v2\/posts\/169660\/revisions"}],"predecessor-version":[{"id":208885,"href":"https:\/\/progepe.ufpr.br\/portarias\/wp-json\/wp\/v2\/posts\/169660\/revisions\/208885"}],"wp:attachment":[{"href":"https:\/\/progepe.ufpr.br\/portarias\/wp-json\/wp\/v2\/media?parent=169660"}],"wp:term":[{"taxonomy":"category","embeddable":true,"href":"https:\/\/progepe.ufpr.br\/portarias\/wp-json\/wp\/v2\/categories?post=169660"},{"taxonomy":"post_tag","embeddable":true,"href":"https:\/\/progepe.ufpr.br\/portarias\/wp-json\/wp\/v2\/tags?post=169660"}],"curies":[{"name":"wp","href":"https:\/\/api.w.org\/{rel}","templated":true}]}}