{"id":169672,"date":"2010-12-29T05:05:00","date_gmt":"2010-12-29T07:05:00","guid":{"rendered":"http:\/\/progepe.ufpr.br\/portarias\/rt-2010-01355\/"},"modified":"2023-08-03T13:04:53","modified_gmt":"2023-08-03T16:04:53","slug":"rt-2010-01355","status":"publish","type":"post","link":"https:\/\/progepe.ufpr.br\/portarias\/rt-2010-01355\/","title":{"rendered":"PORTARIA N\u00ba 01355\/REITORIA, DE 29 DE DEZEMBRO DE 2010"},"content":{"rendered":"\n<p>O Reitor da Universidade Federal do Paran\u00e1, no uso de suas atribui\u00e7\u00f5es e tendo em vista o contido no processo n\u00ba 057760\/10-09,<\/p>\n\n\n<p><strong>RESOLVE:<\/strong><\/p>\n\n\n<p>Designar os representantes abaixo relacionados, para exercerem mandato pelo per\u00edodo indicado, como representantes Discentes junto aos Conselhos Superiores: Conselho de Ensino, Pesquisa e Extens\u00e3o &#8211; CEPE (Per\u00edodo de: 15.12.2010 a 14.12.2011) Titulares: WAGNER TAUSCHECK ALICE FARIA NOVATO JOS\u00c9 OLIVIR DE FREITAS JUNIOR THIAGO DE SOUSA  BAGATIN Suplentes:  WILK BARBOSA HUGO SIM\u00d5ES GABRIELA CARAMURU SILVIA ANDREIS WITHOSKI Conselho de Planejamento e Administra\u00e7\u00e3o &#8211; COPLAD (Per\u00edodo de 15.12.2010 a 14.12.2011) Titulares:  PETERSON ROSE PEREIRA CLEISON LUIZ DE  OLIVEIRA GUIOSEPPHE SANDRI MARQUES EDUARDO SILVA GORAYEB Suplentes:  RODOLFO RIGON SPACK RAFAEL JAMUR CLARISSA MACANEIRO VIANA FRANK ROMUALDO RECHE MACIEL<\/p><p><\/p>\n\n\n<div style=\"height:15px\" aria-hidden=\"true\" class=\"wp-block-spacer\"><\/div>\n\n\n<div class=\"wp-block-buttons is-content-justification-right is-layout-flex wp-container-core-buttons-is-layout-1 wp-block-buttons-is-layout-flex\">\n<div class=\"wp-block-button has-custom-font-size is-style-outline has-small-font-size is-style-outline--1\"><a class=\"wp-block-button__link\" href=\"https:\/\/progepe.ufpr.br\/portarias\/wp-content\/uploads\/pcp\/RT\/2010\/1355R.pdf\" style=\"border-radius:0px\" target=\"_blank\" rel=\"noreferrer noopener\">Acesse o arquivo da portaria<\/a><\/div><\/div>\n","protected":false},"excerpt":{"rendered":"<p>Designar os representantes abaixo relacionados, para exercerem mandato pelo per\u00edodo indicado, como representantes Discentes junto aos Conselhos Superiores: Conselho de Ensino, Pesquisa e Extens\u00e3o &#8211; CEPE (Per\u00edodo de: 15.12.2010 a 14.12.2011) Titulares: WAGNER TAUSCHECK ALICE FARIA NOVATO JOS\u00c9 OLIVIR DE FREITAS JUNIOR THIAGO DE SOUSA BAGATIN Suplentes: WILK BARBOSA HUGO SIM\u00d5ES GABRIELA CARAMURU SILVIA ANDREIS WITHOSKI Conselho de Planejamento e Administra\u00e7\u00e3o &#8211; COPLAD (Per\u00edodo de 15.12.2010 a 14.12.2011) Titulares: PETERSON ROSE PEREIRA CLEISON LUIZ DE OLIVEIRA GUIOSEPPHE SANDRI MARQUES EDUARDO SILVA GORAYEB Suplentes: RODOLFO RIGON SPACK RAFAEL JAMUR CLARISSA MACANEIRO VIANA FRANK ROMUALDO RECHE MACIEL  {&#8220;height&#8221;:&#8221;15px&#8221;} <\/p>\n<div \n\n","protected":false},"author":41,"featured_media":0,"comment_status":"closed","ping_status":"closed","sticky":false,"template":"wp-custom-template-emissao-entre-01-05-2004-ate-30-06-2017","format":"standard","meta":{"_acf_changed":false,"iawp_total_views":0,"footnotes":""},"categories":[117],"tags":[126],"class_list":["post-169672","post","type-post","status-publish","format-standard","hentry","category-rt","tag-representante"],"acf":[],"_links":{"self":[{"href":"https:\/\/progepe.ufpr.br\/portarias\/wp-json\/wp\/v2\/posts\/169672","targetHints":{"allow":["GET"]}}],"collection":[{"href":"https:\/\/progepe.ufpr.br\/portarias\/wp-json\/wp\/v2\/posts"}],"about":[{"href":"https:\/\/progepe.ufpr.br\/portarias\/wp-json\/wp\/v2\/types\/post"}],"author":[{"embeddable":true,"href":"https:\/\/progepe.ufpr.br\/portarias\/wp-json\/wp\/v2\/users\/41"}],"replies":[{"embeddable":true,"href":"https:\/\/progepe.ufpr.br\/portarias\/wp-json\/wp\/v2\/comments?post=169672"}],"version-history":[{"count":1,"href":"https:\/\/progepe.ufpr.br\/portarias\/wp-json\/wp\/v2\/posts\/169672\/revisions"}],"predecessor-version":[{"id":208897,"href":"https:\/\/progepe.ufpr.br\/portarias\/wp-json\/wp\/v2\/posts\/169672\/revisions\/208897"}],"wp:attachment":[{"href":"https:\/\/progepe.ufpr.br\/portarias\/wp-json\/wp\/v2\/media?parent=169672"}],"wp:term":[{"taxonomy":"category","embeddable":true,"href":"https:\/\/progepe.ufpr.br\/portarias\/wp-json\/wp\/v2\/categories?post=169672"},{"taxonomy":"post_tag","embeddable":true,"href":"https:\/\/progepe.ufpr.br\/portarias\/wp-json\/wp\/v2\/tags?post=169672"}],"curies":[{"name":"wp","href":"https:\/\/api.w.org\/{rel}","templated":true}]}}