{"id":169686,"date":"2010-05-18T05:00:00","date_gmt":"2010-05-18T08:00:00","guid":{"rendered":"http:\/\/progepe.ufpr.br\/portarias\/rt-2010-00933\/"},"modified":"2023-07-31T17:27:24","modified_gmt":"2023-07-31T20:27:24","slug":"rt-2010-00933","status":"publish","type":"post","link":"https:\/\/progepe.ufpr.br\/portarias\/rt-2010-00933\/","title":{"rendered":"PORTARIA N\u00ba 00933\/REITORIA, DE 18 DE MAIO DE 2010"},"content":{"rendered":"\n<p>O Reitor da Universidade Federal do Paran\u00e1, no uso de suas atribui\u00e7\u00f5es e tendo em vista o contido no processo n\u00ba 004639\/2010-76,<\/p>\n\n\n<p><strong>RESOLVE:<\/strong><\/p>\n\n\n<p>Designar os membros abaixo relacionados, pelo per\u00edodo de 01 (um) ano, conforme descrito, como representantes da comunidade junto aos Conselhos Superiores: Conselho de Ensino, Pesquisa e Extens\u00e3o  &#8211;  CEPE (Mandato: 27\/04\/2010 a 26\/04\/2011) Titulares: LUIZ CARLOS BAETA VIEIRA JANESLEI APARECIDA ALBUQUERQUE Suplentes: MARCOS MUELLER SCHLEMM MARIAH SENI VASCONCELOS SILVA Conselho de Planejamento e Administra\u00e7\u00e3o  &#8211;  COPLAD (Mandato: 27\/04\/2010 a 26\/04\/2011) Titulares: PAULO CESAR NAUIACK MARIO SERGIO FERREIRA DE SOUZA Suplentes: LUIZ GONZAGA FAYZANO NETO VERONI SALETE DEL RE Conselho de Curadores  &#8211;  CONCUR (Mandato: 13\/05\/2010 a 12\/05\/2011) Titular: JAIME SUNYE NETO Suplente: LUIZ ANTONIO SEBBEN<\/p><p><\/p>\n\n\n<div style=\"height:15px\" aria-hidden=\"true\" class=\"wp-block-spacer\"><\/div>\n\n\n<div class=\"wp-block-buttons is-content-justification-right is-layout-flex wp-container-core-buttons-is-layout-1 wp-block-buttons-is-layout-flex\">\n<div class=\"wp-block-button has-custom-font-size is-style-outline has-small-font-size is-style-outline--1\"><a class=\"wp-block-button__link\" href=\"https:\/\/progepe.ufpr.br\/portarias\/wp-content\/uploads\/pcp\/RT\/2010\/933R.pdf\" style=\"border-radius:0px\" target=\"_blank\" rel=\"noreferrer noopener\">Acesse o arquivo da portaria<\/a><\/div><\/div>\n","protected":false},"excerpt":{"rendered":"<p>Designar os membros abaixo relacionados, pelo per\u00edodo de 01 (um) ano, conforme descrito, como representantes da comunidade junto aos Conselhos Superiores: Conselho de Ensino, Pesquisa e Extens\u00e3o &#8211; CEPE (Mandato: 27\/04\/2010 a 26\/04\/2011) Titulares: LUIZ CARLOS BAETA VIEIRA JANESLEI APARECIDA ALBUQUERQUE Suplentes: MARCOS MUELLER SCHLEMM MARIAH SENI VASCONCELOS SILVA Conselho de Planejamento e Administra\u00e7\u00e3o &#8211; COPLAD (Mandato: 27\/04\/2010 a 26\/04\/2011) Titulares: PAULO CESAR NAUIACK MARIO SERGIO FERREIRA DE SOUZA Suplentes: LUIZ GONZAGA FAYZANO NETO VERONI SALETE DEL RE Conselho de Curadores &#8211; CONCUR (Mandato: 13\/05\/2010 a 12\/05\/2011) Titular: JAIME SUNYE NETO Suplente: LUIZ ANTONIO SEBBEN  {&#8220;height&#8221;:&#8221;15px&#8221;} <\/p>\n<div \n\n","protected":false},"author":41,"featured_media":0,"comment_status":"closed","ping_status":"closed","sticky":false,"template":"wp-custom-template-emissao-entre-01-05-2004-ate-30-06-2017","format":"standard","meta":{"_acf_changed":false,"iawp_total_views":0,"footnotes":""},"categories":[117],"tags":[126],"class_list":["post-169686","post","type-post","status-publish","format-standard","hentry","category-rt","tag-representante"],"acf":[],"_links":{"self":[{"href":"https:\/\/progepe.ufpr.br\/portarias\/wp-json\/wp\/v2\/posts\/169686","targetHints":{"allow":["GET"]}}],"collection":[{"href":"https:\/\/progepe.ufpr.br\/portarias\/wp-json\/wp\/v2\/posts"}],"about":[{"href":"https:\/\/progepe.ufpr.br\/portarias\/wp-json\/wp\/v2\/types\/post"}],"author":[{"embeddable":true,"href":"https:\/\/progepe.ufpr.br\/portarias\/wp-json\/wp\/v2\/users\/41"}],"replies":[{"embeddable":true,"href":"https:\/\/progepe.ufpr.br\/portarias\/wp-json\/wp\/v2\/comments?post=169686"}],"version-history":[{"count":1,"href":"https:\/\/progepe.ufpr.br\/portarias\/wp-json\/wp\/v2\/posts\/169686\/revisions"}],"predecessor-version":[{"id":208911,"href":"https:\/\/progepe.ufpr.br\/portarias\/wp-json\/wp\/v2\/posts\/169686\/revisions\/208911"}],"wp:attachment":[{"href":"https:\/\/progepe.ufpr.br\/portarias\/wp-json\/wp\/v2\/media?parent=169686"}],"wp:term":[{"taxonomy":"category","embeddable":true,"href":"https:\/\/progepe.ufpr.br\/portarias\/wp-json\/wp\/v2\/categories?post=169686"},{"taxonomy":"post_tag","embeddable":true,"href":"https:\/\/progepe.ufpr.br\/portarias\/wp-json\/wp\/v2\/tags?post=169686"}],"curies":[{"name":"wp","href":"https:\/\/api.w.org\/{rel}","templated":true}]}}