{"id":170230,"date":"2010-05-06T10:01:00","date_gmt":"2010-05-06T13:01:00","guid":{"rendered":"http:\/\/progepe.ufpr.br\/portarias\/progepe-2010-05578\/"},"modified":"2023-08-03T11:23:39","modified_gmt":"2023-08-03T14:23:39","slug":"progepe-2010-05578","status":"publish","type":"post","link":"https:\/\/progepe.ufpr.br\/portarias\/progepe-2010-05578\/","title":{"rendered":"PORTARIA N\u00ba 05578\/PROGEPE, DE 06 DE MAIO DE 2010"},"content":{"rendered":"\n<p>A Pr\u00f3-Reitora de Gest\u00e3o de Pessoas da Universidade Federal do Paran\u00e1, no uso de suas atribui\u00e7\u00f5es, tendo em vista a compet\u00eancia que lhe \u00e9 conferida pela Portaria n\u00ba 2.590, de 26 de setembro de 1997 e considerando o que consta no processo n\u00ba 093134\/2009-34,<\/p>\n\n\n<p><strong>RESOLVE:<\/strong><\/p>\n\n\n<p>Conceder Aposentadoria Volunt\u00e1ria por tempo de contribui\u00e7\u00e3o, nos termos do art. 3\u00ba da Emenda Constitucional n\u00ba 47 de 05\/07\/2005, ao servidor ALBANI MARCIO LIMA \u2013 082830, lotado no Departamento de Inform\u00e1tica do Setor de Ci\u00eancias Exatas, ocupante do cargo de Assistente em Administra\u00e7\u00e3o, n\u00edvel de classifica\u00e7\u00e3o D, n\u00edvel de capacita\u00e7\u00e3o II e padr\u00e3o de vencimento 14, no regime de 40 (quarenta) horas semanais, com o vencimento do mencionado cargo, mais a Gratifica\u00e7\u00e3o Adicional por tempo de servi\u00e7o, prevista no art. 67\u00ba da Lei n\u00ba 8.112\/90, no \u00edndice de 22 (vinte e dois por cento), mais o percentual de 26,05 (URP) incorporada conforme Ac\u00f3rd\u00e3o n\u00ba 2193\/91-1\u00aaT, Processo n\u00ba TRT-PR-RO-1685\/90, 9\u00aa Regi\u00e3o \u2013 Curitiba &#8211; PR.<\/p><p><\/p>\n\n\n<div style=\"height:15px\" aria-hidden=\"true\" class=\"wp-block-spacer\"><\/div>\n\n\n<div class=\"wp-block-buttons is-content-justification-right is-layout-flex wp-container-core-buttons-is-layout-1 wp-block-buttons-is-layout-flex\">\n<div class=\"wp-block-button has-custom-font-size is-style-outline has-small-font-size is-style-outline--1\"><a class=\"wp-block-button__link\" href=\"https:\/\/progepe.ufpr.br\/portarias\/wp-content\/uploads\/pcp\/PROGEPE\/2010\/5578PR.pdf\" style=\"border-radius:0px\" target=\"_blank\" rel=\"noreferrer noopener\">Acesse o arquivo da portaria<\/a><\/div><\/div>\n","protected":false},"excerpt":{"rendered":"<p>Conceder Aposentadoria Volunt\u00e1ria por tempo de contribui\u00e7\u00e3o, nos termos do art. 3\u00ba da Emenda Constitucional n\u00ba 47 de 05\/07\/2005, ao servidor ALBANI MARCIO LIMA \u2013 082830, lotado no Departamento de Inform\u00e1tica do Setor de Ci\u00eancias Exatas, ocupante do cargo de Assistente em Administra\u00e7\u00e3o, n\u00edvel de classifica\u00e7\u00e3o D, n\u00edvel de capacita\u00e7\u00e3o II e padr\u00e3o de vencimento 14, no regime de 40 (quarenta) horas semanais, com o vencimento do mencionado cargo, mais a Gratifica\u00e7\u00e3o Adicional por tempo de servi\u00e7o, prevista no art. 67\u00ba da Lei n\u00ba 8.112\/90, no \u00edndice de 22 (vinte e dois por cento), mais o percentual de<\/p>\n","protected":false},"author":41,"featured_media":0,"comment_status":"closed","ping_status":"closed","sticky":false,"template":"wp-custom-template-emissao-entre-01-05-2004-ate-30-06-2017","format":"standard","meta":{"_acf_changed":false,"iawp_total_views":2,"footnotes":""},"categories":[116],"tags":[125],"class_list":["post-170230","post","type-post","status-publish","format-standard","hentry","category-progepe","tag-aposentadoria"],"acf":[],"_links":{"self":[{"href":"https:\/\/progepe.ufpr.br\/portarias\/wp-json\/wp\/v2\/posts\/170230","targetHints":{"allow":["GET"]}}],"collection":[{"href":"https:\/\/progepe.ufpr.br\/portarias\/wp-json\/wp\/v2\/posts"}],"about":[{"href":"https:\/\/progepe.ufpr.br\/portarias\/wp-json\/wp\/v2\/types\/post"}],"author":[{"embeddable":true,"href":"https:\/\/progepe.ufpr.br\/portarias\/wp-json\/wp\/v2\/users\/41"}],"replies":[{"embeddable":true,"href":"https:\/\/progepe.ufpr.br\/portarias\/wp-json\/wp\/v2\/comments?post=170230"}],"version-history":[{"count":1,"href":"https:\/\/progepe.ufpr.br\/portarias\/wp-json\/wp\/v2\/posts\/170230\/revisions"}],"predecessor-version":[{"id":209431,"href":"https:\/\/progepe.ufpr.br\/portarias\/wp-json\/wp\/v2\/posts\/170230\/revisions\/209431"}],"wp:attachment":[{"href":"https:\/\/progepe.ufpr.br\/portarias\/wp-json\/wp\/v2\/media?parent=170230"}],"wp:term":[{"taxonomy":"category","embeddable":true,"href":"https:\/\/progepe.ufpr.br\/portarias\/wp-json\/wp\/v2\/categories?post=170230"},{"taxonomy":"post_tag","embeddable":true,"href":"https:\/\/progepe.ufpr.br\/portarias\/wp-json\/wp\/v2\/tags?post=170230"}],"curies":[{"name":"wp","href":"https:\/\/api.w.org\/{rel}","templated":true}]}}