{"id":170273,"date":"2010-07-07T10:01:00","date_gmt":"2010-07-07T13:01:00","guid":{"rendered":"http:\/\/progepe.ufpr.br\/portarias\/progepe-2010-06264\/"},"modified":"2023-08-03T11:24:39","modified_gmt":"2023-08-03T14:24:39","slug":"progepe-2010-06264","status":"publish","type":"post","link":"https:\/\/progepe.ufpr.br\/portarias\/progepe-2010-06264\/","title":{"rendered":"PORTARIA N\u00ba 06264\/PROGEPE, DE 07 DE JULHO DE 2010"},"content":{"rendered":"\n<p>A Pr\u00f3-Reitora de Gest\u00e3o de Pessoas da Universidade Federal do Paran\u00e1, no uso de suas atribui\u00e7\u00f5es, tendo em vista a compet\u00eancia que lhe \u00e9 conferida pela Portaria n\u00ba 2.590, de 26 de setembro de 1997 e considerando o que consta no processo n\u00ba 100441\/2009-89,<\/p>\n\n\n<p><strong>RESOLVE:<\/strong><\/p>\n\n\n<p>Conceder Aposentadoria Volunt\u00e1ria prevista no art. 40, inciso III, letra a da Constitui\u00e7\u00e3o Federal\/1988, nos termos do art. 3\u00ba da Emenda Constitucional n\u00ba 41 de 31.12.2003, ao docente LUIZ ANTONIO LOPES \u2013 100412, lotado no Departamento de Ci\u00eancias Econ\u00f4micas do Setor de Ci\u00eancias Sociais Aplicadas, ocupante do cargo de Professor Associado, n\u00edvel I, com Doutorado, no regime de 40 (quarenta) horas semanais, com dedica\u00e7\u00e3o exclusiva, com o vencimento do mencionado cargo, mais a Gratifica\u00e7\u00e3o Adicional por tempo de servi\u00e7o, prevista no art. 67\u00ba da Lei n\u00ba 8.112\/90, no \u00edndice de 09 (nove por cento), mais o percentual de 3,17 incorporado conforme Senten\u00e7a Judicial proferida em A\u00e7\u00e3o Ordin\u00e1ria n\u00ba 99.000.5007-0 da 2\u00aa Vara Federal &#8211; PR, mais a Vantagem Pessoal do art.62 da Lei n\u00ba 8.112\/90, origin\u00e1ria da incorpora\u00e7\u00e3o nos termos do art. 3\u00ba a 11\u00ba da Lei n\u00ba 8.911\/94, Lei n\u00ba 9.527\/97 e Lei n\u00ba 9.624\/98, correspondente \u00e0s fra\u00e7\u00f5es de d\u00e9cimos equivalentes a 8\/10 (oito d\u00e9cimos) da fun\u00e7\u00e3o gratificada, c\u00f3digo FG-01, mais Retribui\u00e7\u00e3o por Titula\u00e7\u00e3o e Gratifica\u00e7\u00e3o Espec\u00edfica de Magist\u00e9rio Superior, institu\u00eddas pela Lei n\u00ba 11.784\/08.<\/p><p><\/p>\n\n\n<div style=\"height:15px\" aria-hidden=\"true\" class=\"wp-block-spacer\"><\/div>\n\n\n<div class=\"wp-block-buttons is-content-justification-right is-layout-flex wp-container-core-buttons-is-layout-1 wp-block-buttons-is-layout-flex\">\n<div class=\"wp-block-button has-custom-font-size is-style-outline has-small-font-size is-style-outline--1\"><a class=\"wp-block-button__link\" href=\"https:\/\/progepe.ufpr.br\/portarias\/wp-content\/uploads\/pcp\/PROGEPE\/2010\/6264PR.pdf\" style=\"border-radius:0px\" target=\"_blank\" rel=\"noreferrer noopener\">Acesse o arquivo da portaria<\/a><\/div><\/div>\n","protected":false},"excerpt":{"rendered":"<p>Conceder Aposentadoria Volunt\u00e1ria prevista no art. 40, inciso III, letra a da Constitui\u00e7\u00e3o Federal\/1988, nos termos do art. 3\u00ba da Emenda Constitucional n\u00ba 41 de 31.12.2003, ao docente LUIZ ANTONIO LOPES \u2013 100412, lotado no Departamento de Ci\u00eancias Econ\u00f4micas do Setor de Ci\u00eancias Sociais Aplicadas, ocupante do cargo de Professor Associado, n\u00edvel I, com Doutorado, no regime de 40 (quarenta) horas semanais, com dedica\u00e7\u00e3o exclusiva, com o vencimento do mencionado cargo, mais a Gratifica\u00e7\u00e3o Adicional por tempo de servi\u00e7o, prevista no art. 67\u00ba da Lei n\u00ba 8.112\/90, no \u00edndice de 09 (nove por cento), mais o percentual de<\/p>\n","protected":false},"author":41,"featured_media":0,"comment_status":"closed","ping_status":"closed","sticky":false,"template":"wp-custom-template-emissao-entre-01-05-2004-ate-30-06-2017","format":"standard","meta":{"_acf_changed":false,"iawp_total_views":0,"footnotes":""},"categories":[116],"tags":[125],"class_list":["post-170273","post","type-post","status-publish","format-standard","hentry","category-progepe","tag-aposentadoria"],"acf":[],"_links":{"self":[{"href":"https:\/\/progepe.ufpr.br\/portarias\/wp-json\/wp\/v2\/posts\/170273","targetHints":{"allow":["GET"]}}],"collection":[{"href":"https:\/\/progepe.ufpr.br\/portarias\/wp-json\/wp\/v2\/posts"}],"about":[{"href":"https:\/\/progepe.ufpr.br\/portarias\/wp-json\/wp\/v2\/types\/post"}],"author":[{"embeddable":true,"href":"https:\/\/progepe.ufpr.br\/portarias\/wp-json\/wp\/v2\/users\/41"}],"replies":[{"embeddable":true,"href":"https:\/\/progepe.ufpr.br\/portarias\/wp-json\/wp\/v2\/comments?post=170273"}],"version-history":[{"count":1,"href":"https:\/\/progepe.ufpr.br\/portarias\/wp-json\/wp\/v2\/posts\/170273\/revisions"}],"predecessor-version":[{"id":209474,"href":"https:\/\/progepe.ufpr.br\/portarias\/wp-json\/wp\/v2\/posts\/170273\/revisions\/209474"}],"wp:attachment":[{"href":"https:\/\/progepe.ufpr.br\/portarias\/wp-json\/wp\/v2\/media?parent=170273"}],"wp:term":[{"taxonomy":"category","embeddable":true,"href":"https:\/\/progepe.ufpr.br\/portarias\/wp-json\/wp\/v2\/categories?post=170273"},{"taxonomy":"post_tag","embeddable":true,"href":"https:\/\/progepe.ufpr.br\/portarias\/wp-json\/wp\/v2\/tags?post=170273"}],"curies":[{"name":"wp","href":"https:\/\/api.w.org\/{rel}","templated":true}]}}