{"id":170328,"date":"2010-08-30T10:06:00","date_gmt":"2010-08-30T13:06:00","guid":{"rendered":"http:\/\/progepe.ufpr.br\/portarias\/progepe-2010-06832\/"},"modified":"2023-08-03T11:25:29","modified_gmt":"2023-08-03T14:25:29","slug":"progepe-2010-06832","status":"publish","type":"post","link":"https:\/\/progepe.ufpr.br\/portarias\/progepe-2010-06832\/","title":{"rendered":"PORTARIA N\u00ba 06832\/PROGEPE, DE 30 DE AGOSTO DE 2010"},"content":{"rendered":"\n<p>A Pr\u00f3-Reitora de Gest\u00e3o de Pessoas da Universidade Federal do Paran\u00e1, no uso de suas atribui\u00e7\u00f5es, tendo em vista a compet\u00eancia que lhe \u00e9 conferida pela Portaria n\u00ba 2.590, de 26 de setembro de 1997 e considerando o que consta no processo n\u00ba 050113\/2006-81,<\/p>\n\n\n<p><strong>RESOLVE:<\/strong><\/p>\n\n\n<p>Alterar a Portaria n\u00ba 2.735\/PRHAE, de 13 de junho de 2003, publicada no DOU de 16.06.2003, que concedeu aposentadoria volunt\u00e1ria proporcional por idade a RUBEN BECKER &#8211; 063932, fundamentada nos termos do Art. 40, inciso III, al\u00ednea \u2018b da Constitui\u00e7\u00e3o Federal de 1988, alterada pela EC 20\/98, para acrescentar a partir de 29.11.2006 a vantagem do artigo 190 da Lei 8.112\/90 com a nova reda\u00e7\u00e3o da Medida Provis\u00f3ria n\u00ba 441\/08 convertida na Lei 11.097\/09 com vistas a integraliza\u00e7\u00e3o dos proventos correspondente ao cargo de Professora Assistente, n\u00edvel 04, no regime de 40 horas semanais, com Dedica\u00e7\u00e3o Exclusiva, em virtude do Laudo M\u00e9dico Pericial n\u00ba 102 datado de 29.11.2006.<\/p><p><\/p>\n\n\n<div style=\"height:15px\" aria-hidden=\"true\" class=\"wp-block-spacer\"><\/div>\n\n\n<div class=\"wp-block-buttons is-content-justification-right is-layout-flex wp-container-core-buttons-is-layout-1 wp-block-buttons-is-layout-flex\">\n<div class=\"wp-block-button has-custom-font-size is-style-outline has-small-font-size is-style-outline--1\"><a class=\"wp-block-button__link\" href=\"https:\/\/progepe.ufpr.br\/portarias\/wp-content\/uploads\/pcp\/PROGEPE\/2010\/6832PR.pdf\" style=\"border-radius:0px\" target=\"_blank\" rel=\"noreferrer noopener\">Acesse o arquivo da portaria<\/a><\/div><\/div>\n","protected":false},"excerpt":{"rendered":"<p>Alterar a Portaria n\u00ba 2.735\/PRHAE, de 13 de junho de 2003, publicada no DOU de 16.06.2003, que concedeu aposentadoria volunt\u00e1ria proporcional por idade a RUBEN BECKER &#8211; 063932, fundamentada nos termos do Art. 40, inciso III, al\u00ednea \u2018b da Constitui\u00e7\u00e3o Federal de 1988, alterada pela EC 20\/98, para acrescentar a partir de 29.11.2006 a vantagem do artigo 190 da Lei 8.112\/90 com a nova reda\u00e7\u00e3o da Medida Provis\u00f3ria n\u00ba 441\/08 convertida na Lei 11.097\/09 com vistas a integraliza\u00e7\u00e3o dos proventos correspondente ao cargo de Professora Assistente, n\u00edvel 04, no regime de 40 horas semanais, com Dedica\u00e7\u00e3o Exclusiva, em<\/p>\n","protected":false},"author":41,"featured_media":0,"comment_status":"closed","ping_status":"closed","sticky":false,"template":"wp-custom-template-emissao-entre-01-05-2004-ate-30-06-2017","format":"standard","meta":{"_acf_changed":false,"iawp_total_views":0,"footnotes":""},"categories":[116],"tags":[125],"class_list":["post-170328","post","type-post","status-publish","format-standard","hentry","category-progepe","tag-aposentadoria"],"acf":[],"_links":{"self":[{"href":"https:\/\/progepe.ufpr.br\/portarias\/wp-json\/wp\/v2\/posts\/170328","targetHints":{"allow":["GET"]}}],"collection":[{"href":"https:\/\/progepe.ufpr.br\/portarias\/wp-json\/wp\/v2\/posts"}],"about":[{"href":"https:\/\/progepe.ufpr.br\/portarias\/wp-json\/wp\/v2\/types\/post"}],"author":[{"embeddable":true,"href":"https:\/\/progepe.ufpr.br\/portarias\/wp-json\/wp\/v2\/users\/41"}],"replies":[{"embeddable":true,"href":"https:\/\/progepe.ufpr.br\/portarias\/wp-json\/wp\/v2\/comments?post=170328"}],"version-history":[{"count":1,"href":"https:\/\/progepe.ufpr.br\/portarias\/wp-json\/wp\/v2\/posts\/170328\/revisions"}],"predecessor-version":[{"id":209529,"href":"https:\/\/progepe.ufpr.br\/portarias\/wp-json\/wp\/v2\/posts\/170328\/revisions\/209529"}],"wp:attachment":[{"href":"https:\/\/progepe.ufpr.br\/portarias\/wp-json\/wp\/v2\/media?parent=170328"}],"wp:term":[{"taxonomy":"category","embeddable":true,"href":"https:\/\/progepe.ufpr.br\/portarias\/wp-json\/wp\/v2\/categories?post=170328"},{"taxonomy":"post_tag","embeddable":true,"href":"https:\/\/progepe.ufpr.br\/portarias\/wp-json\/wp\/v2\/tags?post=170328"}],"curies":[{"name":"wp","href":"https:\/\/api.w.org\/{rel}","templated":true}]}}