{"id":170339,"date":"2010-09-03T10:17:00","date_gmt":"2010-09-03T13:17:00","guid":{"rendered":"http:\/\/progepe.ufpr.br\/portarias\/progepe-2010-06888\/"},"modified":"2023-08-03T11:25:34","modified_gmt":"2023-08-03T14:25:34","slug":"progepe-2010-06888","status":"publish","type":"post","link":"https:\/\/progepe.ufpr.br\/portarias\/progepe-2010-06888\/","title":{"rendered":"PORTARIA N\u00ba 06888\/PROGEPE, DE 03 DE SETEMBRO DE 2010"},"content":{"rendered":"\n<p>O Pr\u00f3-Reitor de Gest\u00e3o de Pessoas da Universidade Federal do Paran\u00e1, em exerc\u00edcio, no uso de suas atribui\u00e7\u00f5es, tendo em vista a compet\u00eancia que lhe \u00e9 conferida pela Portaria n\u00ba 2.590, de 26 de setembro de 1997 e considerando o que consta no processo n\u00ba 039338\/2008-49,<\/p>\n\n\n<p><strong>RESOLVE:<\/strong><\/p>\n\n\n<p>Alterar a Portaria n\u00ba 12.344\/PRHAE, de 16.09.1997, publicada em DOU de 22.09.1997, Se\u00e7\u00e3o II, p\u00e1g. 7191\/92, que concedeu a aposentadoria volunt\u00e1ria proporcional \u00e0 raz\u00e3o de 29\/30 (vinte e nove, trinta avos), fundamentada nos termos do Art.<\/p><p> 40, inciso III, al\u00ednea c da Constitui\u00e7\u00e3o Federal\/88, c\/c Art. 186, item III, al\u00ednea c, da Lei n\u00ba 8.112\/90, \u00e0 servidora ELZA DE PAULA COSTA RUZAKOWSKI \u2013 060038, para declarar que a partir de 06.11.2006 passa a ser com proventos integrais, prevista no Art. 40, inciso III, al\u00ednea a da Constitui\u00e7\u00e3o Federal\/88, c\/c Art. 186, item III, al\u00ednea a e Art. 192, inciso I da Lei n\u00ba 8.112\/90, em decorr\u00eancia do acr\u00e9scimo de tempo resultante da aplica\u00e7\u00e3o do fator de convers\u00e3o previdenci\u00e1rio disciplinado pelo Ac\u00f3rd\u00e3o n\u00ba 2008 de 06.11.2006 TCU \u2013 Plen\u00e1rio e dispositivos normatizadores ON n\u00ba 03 de 18.05.2007 e ON n\u00ba 07 de 20.11.2007 ambas da SRH\/MPOG.<\/p><p><\/p>\n\n\n<div style=\"height:15px\" aria-hidden=\"true\" class=\"wp-block-spacer\"><\/div>\n\n\n<div class=\"wp-block-buttons is-content-justification-right is-layout-flex wp-container-core-buttons-is-layout-1 wp-block-buttons-is-layout-flex\">\n<div class=\"wp-block-button has-custom-font-size is-style-outline has-small-font-size is-style-outline--1\"><a class=\"wp-block-button__link\" href=\"https:\/\/progepe.ufpr.br\/portarias\/wp-content\/uploads\/pcp\/PROGEPE\/2010\/6888PR.pdf\" style=\"border-radius:0px\" target=\"_blank\" rel=\"noreferrer noopener\">Acesse o arquivo da portaria<\/a><\/div><\/div>\n","protected":false},"excerpt":{"rendered":"<p>Alterar a Portaria n\u00ba 12.344\/PRHAE, de 16.09.1997, publicada em DOU de 22.09.1997, Se\u00e7\u00e3o II, p\u00e1g. 7191\/92, que concedeu a aposentadoria volunt\u00e1ria proporcional \u00e0 raz\u00e3o de 29\/30 (vinte e nove, trinta avos), fundamentada nos termos do Art. 40, inciso III, al\u00ednea c da Constitui\u00e7\u00e3o Federal\/88, c\/c Art. 186, item III, al\u00ednea c, da Lei n\u00ba 8.112\/90, \u00e0 servidora ELZA DE PAULA COSTA RUZAKOWSKI \u2013 060038, para declarar que a partir de 06.11.2006 passa a ser com proventos integrais, prevista no Art. 40, inciso III, al\u00ednea a da Constitui\u00e7\u00e3o Federal\/88, c\/c Art. 186, item III, al\u00ednea a e Art. 192,<\/p>\n","protected":false},"author":41,"featured_media":0,"comment_status":"closed","ping_status":"closed","sticky":false,"template":"wp-custom-template-emissao-entre-01-05-2004-ate-30-06-2017","format":"standard","meta":{"_acf_changed":false,"iawp_total_views":0,"footnotes":""},"categories":[116],"tags":[125],"class_list":["post-170339","post","type-post","status-publish","format-standard","hentry","category-progepe","tag-aposentadoria"],"acf":[],"_links":{"self":[{"href":"https:\/\/progepe.ufpr.br\/portarias\/wp-json\/wp\/v2\/posts\/170339","targetHints":{"allow":["GET"]}}],"collection":[{"href":"https:\/\/progepe.ufpr.br\/portarias\/wp-json\/wp\/v2\/posts"}],"about":[{"href":"https:\/\/progepe.ufpr.br\/portarias\/wp-json\/wp\/v2\/types\/post"}],"author":[{"embeddable":true,"href":"https:\/\/progepe.ufpr.br\/portarias\/wp-json\/wp\/v2\/users\/41"}],"replies":[{"embeddable":true,"href":"https:\/\/progepe.ufpr.br\/portarias\/wp-json\/wp\/v2\/comments?post=170339"}],"version-history":[{"count":1,"href":"https:\/\/progepe.ufpr.br\/portarias\/wp-json\/wp\/v2\/posts\/170339\/revisions"}],"predecessor-version":[{"id":209540,"href":"https:\/\/progepe.ufpr.br\/portarias\/wp-json\/wp\/v2\/posts\/170339\/revisions\/209540"}],"wp:attachment":[{"href":"https:\/\/progepe.ufpr.br\/portarias\/wp-json\/wp\/v2\/media?parent=170339"}],"wp:term":[{"taxonomy":"category","embeddable":true,"href":"https:\/\/progepe.ufpr.br\/portarias\/wp-json\/wp\/v2\/categories?post=170339"},{"taxonomy":"post_tag","embeddable":true,"href":"https:\/\/progepe.ufpr.br\/portarias\/wp-json\/wp\/v2\/tags?post=170339"}],"curies":[{"name":"wp","href":"https:\/\/api.w.org\/{rel}","templated":true}]}}