{"id":170612,"date":"2010-04-08T10:01:00","date_gmt":"2010-04-08T13:01:00","guid":{"rendered":"http:\/\/progepe.ufpr.br\/portarias\/progepe-2010-05318\/"},"modified":"2023-08-03T11:23:16","modified_gmt":"2023-08-03T14:23:16","slug":"progepe-2010-05318","status":"publish","type":"post","link":"https:\/\/progepe.ufpr.br\/portarias\/progepe-2010-05318\/","title":{"rendered":"PORTARIA N\u00ba 05318\/PROGEPE, DE 08 DE ABRIL DE 2010"},"content":{"rendered":"\n<p>A Pr\u00f3-Reitora de Gest\u00e3o de Pessoas da Universidade Federal do Paran\u00e1, no uso de suas atribui\u00e7\u00f5es, tendo em vista a compet\u00eancia que lhe \u00e9 conferida pela Portaria n\u00ba 2.590, de 26 de setembro de 1997 e considerando o que consta no artigo 103 da Lei n\u00ba 8.112\/90 e ainda o contido no processo n\u00ba 013102\/2010-05,<\/p>\n\n\n<p><strong>RESOLVE:<\/strong><\/p>\n\n\n<p>Averbar, a partir de 30 de mar\u00e7o de 2010, para fins de aposentadoria e disponibilidade, o tempo de servi\u00e7o prestado a Pedro M. Bliharscki, no per\u00edodo de 03.11.1971 a 05.03.1972, no total de 124 (cento e vinte e quatro) dias; a Construtora Gemar Ltda, no per\u00edodo de 08.08.1974 a 31.01.1976, no total de 542 (quinhentos e quarenta e dois) dias; a Cia Souza Cruz Ind\u00fastria e Com\u00e9rcio, no per\u00edodo de 16.02.1976 a 12.03.1976, no total de 26 (vinte e seis) dias; a Rede Ferrovi\u00e1ria Federal S.A. no per\u00edodo de 15.04.1977 a 25.08.1977, no total de 133 (cento e trinta e tr\u00eas) dias; a Ambiental Vigil\u00e2ncia, no per\u00edodo de 28.01.1982 a 01.07.1983, no total de 520 (quinhentos e vinte) dias e a Ambiental Vigil\u00e2ncia, no per\u00edodo de 01.10.1983 a 19.11.1984, no total de 416 (quatrocentos e dezesseis) dias, em favor do Servidor PERCIVAL DO ROCIO REIS \u2013 107697, ocupante do cargo de Carpinteiro, lotado na Coordenadoria de Cultura da Pr\u00f3-Reitoria de Extens\u00e3o e Cultura.<\/p><p><\/p>\n\n\n<div style=\"height:15px\" aria-hidden=\"true\" class=\"wp-block-spacer\"><\/div>\n\n\n<div class=\"wp-block-buttons is-content-justification-right is-layout-flex wp-container-core-buttons-is-layout-1 wp-block-buttons-is-layout-flex\">\n<div class=\"wp-block-button has-custom-font-size is-style-outline has-small-font-size is-style-outline--1\"><a class=\"wp-block-button__link\" href=\"https:\/\/progepe.ufpr.br\/portarias\/wp-content\/uploads\/pcp\/PROGEPE\/2010\/5318PR.pdf\" style=\"border-radius:0px\" target=\"_blank\" rel=\"noreferrer noopener\">Acesse o arquivo da portaria<\/a><\/div><\/div>\n","protected":false},"excerpt":{"rendered":"<p>Averbar, a partir de 30 de mar\u00e7o de 2010, para fins de aposentadoria e disponibilidade, o tempo de servi\u00e7o prestado a Pedro M. Bliharscki, no per\u00edodo de 03.11.1971 a 05.03.1972, no total de 124 (cento e vinte e quatro) dias; a Construtora Gemar Ltda, no per\u00edodo de 08.08.1974 a 31.01.1976, no total de 542 (quinhentos e quarenta e dois) dias; a Cia Souza Cruz Ind\u00fastria e Com\u00e9rcio, no per\u00edodo de 16.02.1976 a 12.03.1976, no total de 26 (vinte e seis) dias; a Rede Ferrovi\u00e1ria Federal S.A. no per\u00edodo de 15.04.1977 a 25.08.1977, no total de 133 (cento e<\/p>\n","protected":false},"author":41,"featured_media":0,"comment_status":"closed","ping_status":"closed","sticky":false,"template":"wp-custom-template-emissao-entre-01-05-2004-ate-30-06-2017","format":"standard","meta":{"_acf_changed":false,"iawp_total_views":0,"footnotes":""},"categories":[116],"tags":[140],"class_list":["post-170612","post","type-post","status-publish","format-standard","hentry","category-progepe","tag-averbacao-desaverbacao"],"acf":[],"_links":{"self":[{"href":"https:\/\/progepe.ufpr.br\/portarias\/wp-json\/wp\/v2\/posts\/170612","targetHints":{"allow":["GET"]}}],"collection":[{"href":"https:\/\/progepe.ufpr.br\/portarias\/wp-json\/wp\/v2\/posts"}],"about":[{"href":"https:\/\/progepe.ufpr.br\/portarias\/wp-json\/wp\/v2\/types\/post"}],"author":[{"embeddable":true,"href":"https:\/\/progepe.ufpr.br\/portarias\/wp-json\/wp\/v2\/users\/41"}],"replies":[{"embeddable":true,"href":"https:\/\/progepe.ufpr.br\/portarias\/wp-json\/wp\/v2\/comments?post=170612"}],"version-history":[{"count":1,"href":"https:\/\/progepe.ufpr.br\/portarias\/wp-json\/wp\/v2\/posts\/170612\/revisions"}],"predecessor-version":[{"id":209813,"href":"https:\/\/progepe.ufpr.br\/portarias\/wp-json\/wp\/v2\/posts\/170612\/revisions\/209813"}],"wp:attachment":[{"href":"https:\/\/progepe.ufpr.br\/portarias\/wp-json\/wp\/v2\/media?parent=170612"}],"wp:term":[{"taxonomy":"category","embeddable":true,"href":"https:\/\/progepe.ufpr.br\/portarias\/wp-json\/wp\/v2\/categories?post=170612"},{"taxonomy":"post_tag","embeddable":true,"href":"https:\/\/progepe.ufpr.br\/portarias\/wp-json\/wp\/v2\/tags?post=170612"}],"curies":[{"name":"wp","href":"https:\/\/api.w.org\/{rel}","templated":true}]}}