{"id":170623,"date":"2010-04-20T10:01:00","date_gmt":"2010-04-20T13:01:00","guid":{"rendered":"http:\/\/progepe.ufpr.br\/portarias\/progepe-2010-05421\/"},"modified":"2023-08-03T11:23:25","modified_gmt":"2023-08-03T14:23:25","slug":"progepe-2010-05421","status":"publish","type":"post","link":"https:\/\/progepe.ufpr.br\/portarias\/progepe-2010-05421\/","title":{"rendered":"PORTARIA N\u00ba 05421\/PROGEPE, DE 20 DE ABRIL DE 2010"},"content":{"rendered":"\n<p>A Pr\u00f3-Reitora de Gest\u00e3o de Pessoas da Universidade Federal do Paran\u00e1, no uso de suas atribui\u00e7\u00f5es, tendo em vista a compet\u00eancia que lhe \u00e9 conferida pela Portaria n\u00ba 2.590, de 26 de setembro de 1997 e o contido no processo n\u00ba 095948\/2009-11,<\/p>\n\n\n<p><strong>RESOLVE:<\/strong><\/p>\n\n\n<p>I \u2013 Tornar sem efeito a Portaria n\u00ba 4.752\/PRHAE, de 29.06.95 e a Portaria n.2.856\/PROGEPE de 1.08.2009.<\/p><p> II \u2013 Averbar, a partir de 03 de agosto de 2009, para fins de aposentadoria e disponibilidade, o tempo de servi\u00e7o prestado \u00e0 Fia\u00e7\u00e3o Esperan\u00e7a S\/A, no per\u00edodo de 14.08.1980 a 08.01.1981, no total de 145 (cento e quarenta e cinco) dias, em favor da Professora ANA LUCIA RAMALHO MERCE &#8211; 123234, classe Associado, lotada no Departamento de Qu\u00edmica do Setor de Ci\u00eancias Exatas.<\/p><p> III \u2013 Em cumprimento \u00e0 decis\u00e3o judicial exarada nos autos n\u00ba 2009.70.00.000733-4, o per\u00edodo de 12.04.1984 a 16.04.1990, no total de 2.634 (dois mil, seiscentos e trinta e quatro) dias, j\u00e1 considerado o fator de convers\u00e3o de 1.2, em favor da referida Professora.<\/p><p><\/p>\n\n\n<div style=\"height:15px\" aria-hidden=\"true\" class=\"wp-block-spacer\"><\/div>\n\n\n<div class=\"wp-block-buttons is-content-justification-right is-layout-flex wp-container-core-buttons-is-layout-1 wp-block-buttons-is-layout-flex\">\n<div class=\"wp-block-button has-custom-font-size is-style-outline has-small-font-size is-style-outline--1\"><a class=\"wp-block-button__link\" href=\"https:\/\/progepe.ufpr.br\/portarias\/wp-content\/uploads\/pcp\/PROGEPE\/2010\/5421PR.pdf\" style=\"border-radius:0px\" target=\"_blank\" rel=\"noreferrer noopener\">Acesse o arquivo da portaria<\/a><\/div><\/div>\n","protected":false},"excerpt":{"rendered":"<p>I \u2013 Tornar sem efeito a Portaria n\u00ba 4.752\/PRHAE, de 29.06.95 e a Portaria n.2.856\/PROGEPE de 1.08.2009. II \u2013 Averbar, a partir de 03 de agosto de 2009, para fins de aposentadoria e disponibilidade, o tempo de servi\u00e7o prestado \u00e0 Fia\u00e7\u00e3o Esperan\u00e7a S\/A, no per\u00edodo de 14.08.1980 a 08.01.1981, no total de 145 (cento e quarenta e cinco) dias, em favor da Professora ANA LUCIA RAMALHO MERCE &#8211; 123234, classe Associado, lotada no Departamento de Qu\u00edmica do Setor de Ci\u00eancias Exatas. III \u2013 Em cumprimento \u00e0 decis\u00e3o judicial exarada nos autos n\u00ba 2009.70.00.000733-4, o per\u00edodo de 12.04.1984 a<\/p>\n","protected":false},"author":41,"featured_media":0,"comment_status":"closed","ping_status":"closed","sticky":false,"template":"wp-custom-template-emissao-entre-01-05-2004-ate-30-06-2017","format":"standard","meta":{"_acf_changed":false,"iawp_total_views":0,"footnotes":""},"categories":[116],"tags":[140],"class_list":["post-170623","post","type-post","status-publish","format-standard","hentry","category-progepe","tag-averbacao-desaverbacao"],"acf":[],"_links":{"self":[{"href":"https:\/\/progepe.ufpr.br\/portarias\/wp-json\/wp\/v2\/posts\/170623","targetHints":{"allow":["GET"]}}],"collection":[{"href":"https:\/\/progepe.ufpr.br\/portarias\/wp-json\/wp\/v2\/posts"}],"about":[{"href":"https:\/\/progepe.ufpr.br\/portarias\/wp-json\/wp\/v2\/types\/post"}],"author":[{"embeddable":true,"href":"https:\/\/progepe.ufpr.br\/portarias\/wp-json\/wp\/v2\/users\/41"}],"replies":[{"embeddable":true,"href":"https:\/\/progepe.ufpr.br\/portarias\/wp-json\/wp\/v2\/comments?post=170623"}],"version-history":[{"count":1,"href":"https:\/\/progepe.ufpr.br\/portarias\/wp-json\/wp\/v2\/posts\/170623\/revisions"}],"predecessor-version":[{"id":209824,"href":"https:\/\/progepe.ufpr.br\/portarias\/wp-json\/wp\/v2\/posts\/170623\/revisions\/209824"}],"wp:attachment":[{"href":"https:\/\/progepe.ufpr.br\/portarias\/wp-json\/wp\/v2\/media?parent=170623"}],"wp:term":[{"taxonomy":"category","embeddable":true,"href":"https:\/\/progepe.ufpr.br\/portarias\/wp-json\/wp\/v2\/categories?post=170623"},{"taxonomy":"post_tag","embeddable":true,"href":"https:\/\/progepe.ufpr.br\/portarias\/wp-json\/wp\/v2\/tags?post=170623"}],"curies":[{"name":"wp","href":"https:\/\/api.w.org\/{rel}","templated":true}]}}