{"id":170808,"date":"2010-12-10T10:00:00","date_gmt":"2010-12-10T12:00:00","guid":{"rendered":"http:\/\/progepe.ufpr.br\/portarias\/progepe-2010-07702\/"},"modified":"2023-07-31T17:29:12","modified_gmt":"2023-07-31T20:29:12","slug":"progepe-2010-07702","status":"publish","type":"post","link":"https:\/\/progepe.ufpr.br\/portarias\/progepe-2010-07702\/","title":{"rendered":"PORTARIA N\u00ba 07702\/PROGEPE, DE 10 DE DEZEMBRO DE 2010"},"content":{"rendered":"\n<p>A Pr\u00f3-Reitora de Gest\u00e3o de Pessoas da Universidade Federal do Paran\u00e1, no uso de suas atribui\u00e7\u00f5es, tendo em vista a compet\u00eancia que lhe \u00e9 conferida pela Portaria n\u00ba 2.590, de 26 de setembro de 1997, considerando o que consta no Arts. 100 e 103 da Lei 8.112\/90 e ainda o contido no processo n\u00ba 055222\/2010-71,<\/p>\n\n\n<p><strong>RESOLVE:<\/strong><\/p>\n\n\n<p>I. Averbar, a partir de 07 de dezembro de 2010, para fins de aposentadoria e disponibilidade, o tempo de servi\u00e7o prestado: Hospital e Maternidade de S\u00e3o Jos\u00e9 dos Pinhais, no per\u00edodo de 02.09.1982 a 15.06.1986, no total de 1.383 (um mil, trezentos e oitenta e tr\u00eas) dias; Hospital Nossa Senhora da Sa\u00fade, no per\u00edodo de 01.04.1987 a 31.12.1987, no total de 275 (duzentos e setenta e cinco) dias; Hospital Nossa Senhora da Sa\u00fade, no per\u00edodo de 01.01.1988 a 01.04.1988, no total de 92 (noventa e dois) dias; Sociedade Beneficente S\u00e3o Camilo, no per\u00edodo de 01.08.1988 a 03.04.1990, no total de 611 (seiscentos e onze) dias; Hospital de Cl\u00ednicas de Porto Alegre, no per\u00edodo de 04.04.1990 a 29.05.1991, no total de 421 (quatrocentos e vinte e um) dias; a Funda\u00e7\u00e3o da Universidade Federal do Paran\u00e1 para o Progrma da Ci\u00eancia, Tecnologia e da Cultura, no per\u00edodo de 04.06.1991 a 25.06.1996, no total de 1.849 (um mil, oitocentos e quarenta e nove) dias, em favor da Servidora TERESA DENEKA XAVIER \u2013 142018, ocupante do cargo de Enfermeiro &#8211; \u00c1rea, lotada no Hospital de Cl\u00ednicas II. Averbar, a partir da mesma data, para fins de aposentadoria, gratifica\u00e7\u00e3o adicional, licen\u00e7a especial e disponibilidade, o tempo de servi\u00e7o prestado: Universidade Federal do Paran\u00e1, no per\u00edodo de 14.08.1978 a 01.09.1982, no total de 1.480 (um mil quatrocentos e oitenta) dias, em favor da referida Servidora.<\/p><p><\/p>\n\n\n<div style=\"height:15px\" aria-hidden=\"true\" class=\"wp-block-spacer\"><\/div>\n\n\n<div class=\"wp-block-buttons is-content-justification-right is-layout-flex wp-container-core-buttons-is-layout-1 wp-block-buttons-is-layout-flex\">\n<div class=\"wp-block-button has-custom-font-size is-style-outline has-small-font-size is-style-outline--1\"><a class=\"wp-block-button__link\" href=\"https:\/\/progepe.ufpr.br\/portarias\/wp-content\/uploads\/pcp\/PROGEPE\/2010\/7702PR.pdf\" style=\"border-radius:0px\" target=\"_blank\" rel=\"noreferrer noopener\">Acesse o arquivo da portaria<\/a><\/div><\/div>\n","protected":false},"excerpt":{"rendered":"<p>I. Averbar, a partir de 07 de dezembro de 2010, para fins de aposentadoria e disponibilidade, o tempo de servi\u00e7o prestado: Hospital e Maternidade de S\u00e3o Jos\u00e9 dos Pinhais, no per\u00edodo de 02.09.1982 a 15.06.1986, no total de 1.383 (um mil, trezentos e oitenta e tr\u00eas) dias; Hospital Nossa Senhora da Sa\u00fade, no per\u00edodo de 01.04.1987 a 31.12.1987, no total de 275 (duzentos e setenta e cinco) dias; Hospital Nossa Senhora da Sa\u00fade, no per\u00edodo de 01.01.1988 a 01.04.1988, no total de 92 (noventa e dois) dias; Sociedade Beneficente S\u00e3o Camilo, no per\u00edodo de 01.08.1988 a 03.04.1990, no<\/p>\n","protected":false},"author":41,"featured_media":0,"comment_status":"closed","ping_status":"closed","sticky":false,"template":"wp-custom-template-emissao-entre-01-05-2004-ate-30-06-2017","format":"standard","meta":{"_acf_changed":false,"iawp_total_views":0,"footnotes":""},"categories":[116],"tags":[140],"class_list":["post-170808","post","type-post","status-publish","format-standard","hentry","category-progepe","tag-averbacao-desaverbacao"],"acf":[],"_links":{"self":[{"href":"https:\/\/progepe.ufpr.br\/portarias\/wp-json\/wp\/v2\/posts\/170808","targetHints":{"allow":["GET"]}}],"collection":[{"href":"https:\/\/progepe.ufpr.br\/portarias\/wp-json\/wp\/v2\/posts"}],"about":[{"href":"https:\/\/progepe.ufpr.br\/portarias\/wp-json\/wp\/v2\/types\/post"}],"author":[{"embeddable":true,"href":"https:\/\/progepe.ufpr.br\/portarias\/wp-json\/wp\/v2\/users\/41"}],"replies":[{"embeddable":true,"href":"https:\/\/progepe.ufpr.br\/portarias\/wp-json\/wp\/v2\/comments?post=170808"}],"version-history":[{"count":1,"href":"https:\/\/progepe.ufpr.br\/portarias\/wp-json\/wp\/v2\/posts\/170808\/revisions"}],"predecessor-version":[{"id":210009,"href":"https:\/\/progepe.ufpr.br\/portarias\/wp-json\/wp\/v2\/posts\/170808\/revisions\/210009"}],"wp:attachment":[{"href":"https:\/\/progepe.ufpr.br\/portarias\/wp-json\/wp\/v2\/media?parent=170808"}],"wp:term":[{"taxonomy":"category","embeddable":true,"href":"https:\/\/progepe.ufpr.br\/portarias\/wp-json\/wp\/v2\/categories?post=170808"},{"taxonomy":"post_tag","embeddable":true,"href":"https:\/\/progepe.ufpr.br\/portarias\/wp-json\/wp\/v2\/tags?post=170808"}],"curies":[{"name":"wp","href":"https:\/\/api.w.org\/{rel}","templated":true}]}}