{"id":170817,"date":"2010-12-23T10:01:00","date_gmt":"2010-12-23T12:01:00","guid":{"rendered":"http:\/\/progepe.ufpr.br\/portarias\/progepe-2010-07822\/"},"modified":"2023-08-03T11:26:56","modified_gmt":"2023-08-03T14:26:56","slug":"progepe-2010-07822","status":"publish","type":"post","link":"https:\/\/progepe.ufpr.br\/portarias\/progepe-2010-07822\/","title":{"rendered":"PORTARIA N\u00ba 07822\/PROGEPE, DE 23 DE DEZEMBRO DE 2010"},"content":{"rendered":"\n<p>A Pr\u00f3-Reitora de Gest\u00e3o de Pessoas da Universidade Federal do Paran\u00e1, no uso de suas atribui\u00e7\u00f5es, tendo em vista a compet\u00eancia que lhe \u00e9 conferida pela Portaria n\u00ba 2.590, de 26 de setembro de 1997 e considerando o que consta no processo n\u00ba 052921\/1994-15,<\/p>\n\n\n<p><strong>RESOLVE:<\/strong><\/p>\n\n\n<p>Retificar a Portaria n\u00ba 2.665\/PRHAE, de 10 de janeiro de 1995, referente \u00e0 averba\u00e7\u00e3o de tempo de servi\u00e7o da professora INES MORESCO DANNI OLIVEIRA \u2013 100781, classe Adjunto, lotada no Departamento de Geografia do Setor de Ci\u00eancias da Terra: Onde se L\u00ea: &#8230;, para fins de aposentadoria especial e disponibilidade,&#8230;<\/p><p> Leia-se: &#8230;, para fins de aposentadoria, aposentadoria especial, gratifica\u00e7\u00e3o adicional, licen\u00e7a especial e disponibilidade,&#8230;<\/p><p><\/p>\n\n\n<div style=\"height:15px\" aria-hidden=\"true\" class=\"wp-block-spacer\"><\/div>\n\n\n<div class=\"wp-block-buttons is-content-justification-right is-layout-flex wp-container-core-buttons-is-layout-1 wp-block-buttons-is-layout-flex\">\n<div class=\"wp-block-button has-custom-font-size is-style-outline has-small-font-size is-style-outline--1\"><a class=\"wp-block-button__link\" href=\"https:\/\/progepe.ufpr.br\/portarias\/wp-content\/uploads\/pcp\/PROGEPE\/2010\/7822PR.pdf\" style=\"border-radius:0px\" target=\"_blank\" rel=\"noreferrer noopener\">Acesse o arquivo da portaria<\/a><\/div><\/div>\n","protected":false},"excerpt":{"rendered":"<p>Retificar a Portaria n\u00ba 2.665\/PRHAE, de 10 de janeiro de 1995, referente \u00e0 averba\u00e7\u00e3o de tempo de servi\u00e7o da professora INES MORESCO DANNI OLIVEIRA \u2013 100781, classe Adjunto, lotada no Departamento de Geografia do Setor de Ci\u00eancias da Terra: Onde se L\u00ea: &#8230;, para fins de aposentadoria especial e disponibilidade,&#8230; Leia-se: &#8230;, para fins de aposentadoria, aposentadoria especial, gratifica\u00e7\u00e3o adicional, licen\u00e7a especial e disponibilidade,&#8230;  {&#8220;height&#8221;:&#8221;15px&#8221;} <\/p>\n<div style=\"height:15px\" aria-hidden=\"true\" class=\"wp-block-spacer\"> <!-- \/wp:spacer  {\"layout\":{\"type\":\"flex\",\"justifyContent\":\"right\"}} \n\n<div class=\"wp-block-buttons\"><!-- wp:button {\"style\":{\"border\":{\"radius\":\"0px\"}},\"className\":\"is-style-outline\",\"fontSize\":\"small\"} \n\n<div class=\"wp-block-button has-custom-font-size is-style-outline has-small-font-size\"><a class=\"wp-block-button__link\" href=\"https:\/\/progepe.ufpr.br\/portarias\/wp-content\/uploads\/pcp\/PROGEPE\/2010\/7822PR.pdf\" style=\"border-radius:0px\" target=\"_blank\" rel=\"noreferre\n<\/p>\n","protected":false},"author":41,"featured_media":0,"comment_status":"closed","ping_status":"closed","sticky":false,"template":"wp-custom-template-emissao-entre-01-05-2004-ate-30-06-2017","format":"standard","meta":{"_acf_changed":false,"iawp_total_views":0,"footnotes":""},"categories":[116],"tags":[140],"class_list":["post-170817","post","type-post","status-publish","format-standard","hentry","category-progepe","tag-averbacao-desaverbacao"],"acf":[],"_links":{"self":[{"href":"https:\/\/progepe.ufpr.br\/portarias\/wp-json\/wp\/v2\/posts\/170817","targetHints":{"allow":["GET"]}}],"collection":[{"href":"https:\/\/progepe.ufpr.br\/portarias\/wp-json\/wp\/v2\/posts"}],"about":[{"href":"https:\/\/progepe.ufpr.br\/portarias\/wp-json\/wp\/v2\/types\/post"}],"author":[{"embeddable":true,"href":"https:\/\/progepe.ufpr.br\/portarias\/wp-json\/wp\/v2\/users\/41"}],"replies":[{"embeddable":true,"href":"https:\/\/progepe.ufpr.br\/portarias\/wp-json\/wp\/v2\/comments?post=170817"}],"version-history":[{"count":1,"href":"https:\/\/progepe.ufpr.br\/portarias\/wp-json\/wp\/v2\/posts\/170817\/revisions"}],"predecessor-version":[{"id":210018,"href":"https:\/\/progepe.ufpr.br\/portarias\/wp-json\/wp\/v2\/posts\/170817\/revisions\/210018"}],"wp:attachment":[{"href":"https:\/\/progepe.ufpr.br\/portarias\/wp-json\/wp\/v2\/media?parent=170817"}],"wp:term":[{"taxonomy":"category","embeddable":true,"href":"https:\/\/progepe.ufpr.br\/portarias\/wp-json\/wp\/v2\/categories?post=170817"},{"taxonomy":"post_tag","embeddable":true,"href":"https:\/\/progepe.ufpr.br\/portarias\/wp-json\/wp\/v2\/tags?post=170817"}],"curies":[{"name":"wp","href":"https:\/\/api.w.org\/{rel}","templated":true}]}}